{"id":8653,"date":"2022-05-04T11:09:02","date_gmt":"2022-05-04T11:09:02","guid":{"rendered":"https:\/\/www.insm.es\/blognoticias\/?p=8653"},"modified":"2022-05-04T17:43:36","modified_gmt":"2022-05-04T17:43:36","slug":"absentismo-universitario-post-pandemia-causas","status":"publish","type":"post","link":"https:\/\/www.insm.es\/blognoticias\/absentismo-universitario-post-pandemia-causas\/","title":{"rendered":"Absentismo universitario post-pandemia: \u00bfcausas?"},"content":{"rendered":"\t\t<div data-elementor-type=\"wp-post\" data-elementor-id=\"8653\" class=\"elementor elementor-8653\" data-elementor-settings=\"[]\">\n\t\t\t\t\t\t\t<div class=\"elementor-section-wrap\">\n\t\t\t\t\t\t\t<section class=\"elementor-section elementor-top-section elementor-element elementor-element-e18ed8a elementor-section-boxed elementor-section-height-default elementor-section-height-default qodef-elementor-content-no\" data-id=\"e18ed8a\" data-element_type=\"section\">\n\t\t\t\t\t\t<div class=\"elementor-container elementor-column-gap-default\">\n\t\t\t\t\t<div class=\"elementor-column elementor-col-100 elementor-top-column elementor-element elementor-element-8d157c5\" data-id=\"8d157c5\" data-element_type=\"column\">\n\t\t\t<div class=\"elementor-widget-wrap elementor-element-populated\">\n\t\t\t\t\t\t\t\t<div class=\"elementor-element elementor-element-5736de7 elementor-widget elementor-widget-text-editor\" data-id=\"5736de7\" data-element_type=\"widget\" data-widget_type=\"text-editor.default\">\n\t\t\t\t<div class=\"elementor-widget-container\">\n\t\t\t\t\t\t\t<p>En los \u00faltimos meses los profesores universitarios han constatado que un porcentaje significativo de estudiantes faltan a clase. Al principio, atribuyeron las ausencias a efectos Covid: contagios y cuarentenas. Si la instituci\u00f3n lo permit\u00eda, inicialmente los estudiantes se conectaban por video-conferencia a la clase. A medida que la poblaci\u00f3n se fue vacunando y fueron mejorado las cifras de ingresos hospitalarios, el confinamiento se redujo y actualmente, aunque se recomienda que el contagiado se quede en casa, puede circular con s\u00edntomas leves y\u00a0 mascarilla.\u00a0<\/p><p>Entre otras cosas, podr\u00edan acudir a clase.\u00a0 Sin embargo, el absentismo post-pandemia de estudiantes universitarios se ha vuelto notable.<\/p><p><span style=\"color: var( --e-global-color-text ); font-family: var( --e-global-typography-text-font-family ), Sans-serif; font-weight: var( --e-global-typography-text-font-weight );\">Sin embargo, y con el paso de las semanas desde que la situaci\u00f3n sanitaria mejor\u00f3, muchos estudiantes no han regresado a clase. Como si el confinamiento hubiera fijado el h\u00e1bito de no asistir. Recientemente, la prensa apunt\u00f3 algunas cifras relativas a otros \u00e1mbitos, como por ejemplo <\/span><a style=\"font-family: var( --e-global-typography-text-font-family ), Sans-serif; font-weight: var( --e-global-typography-text-font-weight );\" href=\"https:\/\/elpais.com\/clima-y-medio-ambiente\/2020-12-30\/nueva-movilidad-y-miedo-al-contagio-el-transporte-publico-ante-la-mayor-crisis-de-su-historia.html\" target=\"_blank\" rel=\"noopener\">el transporte p\u00fablico<\/a><span style=\"color: var( --e-global-color-text ); font-family: var( --e-global-typography-text-font-family ), Sans-serif; font-weight: var( --e-global-typography-text-font-weight );\">: uno de cada cuatro usuarios todav\u00eda no hab\u00eda vuelto a tomar el autob\u00fas o el metro despu\u00e9s de la pandemia.<\/span><\/p><p>\u00bfQu\u00e9 sabemos de este absentismo juvenil?\u00bfQu\u00e9 hip\u00f3tesis se pueden manejar al respecto?\u00a0<\/p><p>Algunos estudiantes deciden que van a clase seg\u00fan si se eval\u00faa una actividad o si se trata de un \u201ccontenido interesante\u201d. Tal vez durante la pandemia descubrieron que las clases pueden hacerse por Zoom y que si el profesor cuelga el material en el campus virtual es suficiente para aprobar el examen.<\/p><p>Aqu\u00ed se plantea la pregunta por el trabajo del profesor: \u00bfqu\u00e9 hace exactamente? \u00bfComentar la presentaci\u00f3n de Power-Point o bien \u00a0interpretar, elaborar, dar sentido a los contenidos que pueden encontrarse en la red?\u00a0<\/p><p>Durante el confinamiento, los docentes tuvieron que dise\u00f1ar materiales nuevos, seleccionarlos, organizarlos, ponerlos a disposici\u00f3n de manera clara y comprensible. En muchos casos grabaron sus explicaciones para colgarlas en youtube. Las clases magistrales quedaban a disposici\u00f3n de todos. Algunos estudiantes entendieron que no hac\u00eda falta el contacto con el profesor, o ir a clase, si exist\u00edan estos materiales a los que se pod\u00eda acceder. Al fin y al cabo, el examen final serv\u00eda para comprobar el grado de ajuste de los contenidos \u201cen oferta\u201d y la \u201cdemanda\u201d de las preguntas con su respectiva puntuaci\u00f3n. Tambi\u00e9n existen, por supuesto, los trabajos en grupo: \u00bfpero para qu\u00e9 sirve la presencialidad si se pueden distribuir las tareas en un archivo compartido? Para eso no hace falta quedar en persona.<\/p><p>\u00a0 La cuesti\u00f3n del absentismo post-pandemia obliga a una reflexi\u00f3n m\u00e1s amplia. Por ejemplo, \u00bfcu\u00e1les son las <a href=\"https:\/\/www.insm.es\/blognoticias\/para-que-sirven-las-preguntas\/\" target=\"_blank\" rel=\"noopener\">actividades que propone el profesor<\/a> y que interesa a los estudiantes? Parece que los estudios de casos pr\u00e1cticos, cuya discusi\u00f3n obliga a un intercambio de puntos de vista, no pueden hacerse tan f\u00e1cilmente en diferido. La conversaci\u00f3n presencial, las participaciones, los malentendidos, las interrupciones en la exposici\u00f3n, forman parte de la experiencia de pensar juntos. Todo debate intenso aporta un cierto desorden en lo humano. En cambio, la disciplina de Zoom o de Google Meet en diferido obligaba, por ejemplo, a silenciar los micr\u00f3fonos, a respetar los turnos de palabra, convirtiendo los debates en una especie de ambiente controlado, parecido a un software, a una mec\u00e1nica aseptica. En cambio, el malentendido, el deseo de decir algo de inmediato, que llega a interrumpir al otro y que genera mucho ruido ambiental conduce a la pasi\u00f3n de la discusi\u00f3n viva y \u00a0tiene una fuerza de subjetivizaci\u00f3n mayor.<\/p><p>Por lo tanto, si en clase el profesor se limita a leer un power point en voz alta, no hace falta concurrir a clase. Pero m\u00e1s all\u00e1 del estilo del profesor y de la excelencia del material preparado, si el examen se limita a preguntas concretas que est\u00e1n en el material did\u00e1ctico subido a Internet, tampoco hace falta concurrir a clase para aprobar el examen, incluso con buena nota.<\/p><p>Para que el estudiante universitario desee volver a la ense\u00f1anza presencial, en clase debe ocurrir algo <b>distinto a la recitaci\u00f3n de los contenidos, debe producirse una<\/b> <b>elaboraci\u00f3n en acto.<\/b> <b>Y el examen debe incluir el resultado de esa elaboraci\u00f3n presencial.<\/b><\/p><p>\u00a0Para ello no hace falta planificar demasiado, sino dejarse llevar por la corriente de lo que se dice en el momento preciso. El profesor debe generar participaci\u00f3n y un debate vivo, en el sentido de avivar el fuego del lenguaje y el deseo de saber con los otros. Para que eso funcione, el profesor debe perder el miedo al desorden en lo viviente, con el fin de animar a sus estudiantes a vivir.<\/p><p><strong><em><a href=\"https:\/\/www.insm.es\/especialidad\/orientacion-vocacional-y-educativa-personalizada\" target=\"_blank\" rel=\"noopener\">Dra. Anna Pag\u00e9s<\/a><br \/><\/em>Blanquerna<\/strong><br \/><strong>Universidad Ram\u00f3n Llull<\/strong><\/p>\t\t\t\t\t\t<\/div>\n\t\t\t\t<\/div>\n\t\t\t\t\t<\/div>\n\t\t<\/div>\n\t\t\t\t\t\t\t<\/div>\n\t\t<\/section>\n\t\t\t\t\t\t<\/div>\n\t\t\t\t\t<\/div>\n\t\t","protected":false},"excerpt":{"rendered":"<p>En los \u00faltimos meses los profesores universitarios han constatado que un porcentaje significativo de estudiantes faltan a clase<\/p>\n","protected":false},"author":1,"featured_media":8655,"comment_status":"closed","ping_status":"open","sticky":false,"template":"","format":"standard","meta":{"footnotes":""},"categories":[52,54,1],"tags":[],"class_list":["post-8653","post","type-post","status-publish","format-standard","has-post-thumbnail","hentry","category-actualidad","category-educacion","category-uncategorized"],"yoast_head":"<!-- This site is optimized with the Yoast SEO Premium plugin v17.8 (Yoast SEO v17.8) - https:\/\/yoast.com\/wordpress\/plugins\/seo\/ -->\n<title>Los estudiantes universitarios faltan a clase<\/title>\n<meta name=\"description\" content=\"En los \u00faltimos meses los profesores universitarios han constatado que un porcentaje significativo de estudiantes faltan a clase. Efectos\" \/>\n<meta name=\"robots\" content=\"index, follow, max-snippet:-1, max-image-preview:large, max-video-preview:-1\" \/>\n<link rel=\"canonical\" href=\"https:\/\/www.insm.es\/blognoticias\/absentismo-universitario-post-pandemia-causas\/\" \/>\n<meta property=\"og:locale\" content=\"es_ES\" \/>\n<meta property=\"og:type\" content=\"article\" \/>\n<meta property=\"og:title\" content=\"Absentismo universitario post-pandemia: \u00bfcausas?\" \/>\n<meta property=\"og:description\" content=\"En los \u00faltimos meses los profesores universitarios han constatado que un porcentaje significativo de estudiantes faltan a clase. Efectos\" \/>\n<meta property=\"og:url\" content=\"https:\/\/www.insm.es\/blognoticias\/absentismo-universitario-post-pandemia-causas\/\" \/>\n<meta property=\"og:site_name\" content=\"INSM Blog\" \/>\n<meta property=\"article:published_time\" content=\"2022-05-04T11:09:02+00:00\" \/>\n<meta property=\"article:modified_time\" content=\"2022-05-04T17:43:36+00:00\" \/>\n<meta property=\"og:image\" content=\"https:\/\/www.insm.es\/blognoticias\/wp-content\/uploads\/2022\/05\/aula.jpg\" \/>\n\t<meta property=\"og:image:width\" content=\"1706\" \/>\n\t<meta property=\"og:image:height\" content=\"960\" \/>\n<meta name=\"twitter:card\" content=\"summary_large_image\" \/>\n<meta name=\"twitter:label1\" content=\"Escrito por\" \/>\n\t<meta name=\"twitter:data1\" content=\"wordpress\" \/>\n\t<meta name=\"twitter:label2\" content=\"Tiempo de lectura\" \/>\n\t<meta name=\"twitter:data2\" content=\"4 minutos\" \/>\n<script type=\"application\/ld+json\" class=\"yoast-schema-graph\">{\"@context\":\"https:\/\/schema.org\",\"@graph\":[{\"@type\":\"Organization\",\"@id\":\"https:\/\/www.insm.es\/blognoticias\/#organization\",\"name\":\"Instituto de Neurociencias y Salud Mental\",\"url\":\"https:\/\/www.insm.es\/blognoticias\/\",\"sameAs\":[],\"logo\":{\"@type\":\"ImageObject\",\"@id\":\"https:\/\/www.insm.es\/blognoticias\/#logo\",\"inLanguage\":\"es\",\"url\":\"https:\/\/www.insm.es\/blognoticias\/wp-content\/uploads\/2021\/12\/logo-INSM.png\",\"contentUrl\":\"https:\/\/www.insm.es\/blognoticias\/wp-content\/uploads\/2021\/12\/logo-INSM.png\",\"width\":273,\"height\":95,\"caption\":\"Instituto de Neurociencias y Salud Mental\"},\"image\":{\"@id\":\"https:\/\/www.insm.es\/blognoticias\/#logo\"}},{\"@type\":\"WebSite\",\"@id\":\"https:\/\/www.insm.es\/blognoticias\/#website\",\"url\":\"https:\/\/www.insm.es\/blognoticias\/\",\"name\":\"INSM Blog\",\"description\":\"Not\\u00edcias sobre INSM\",\"publisher\":{\"@id\":\"https:\/\/www.insm.es\/blognoticias\/#organization\"},\"potentialAction\":[{\"@type\":\"SearchAction\",\"target\":{\"@type\":\"EntryPoint\",\"urlTemplate\":\"https:\/\/www.insm.es\/blognoticias\/?s={search_term_string}\"},\"query-input\":\"required name=search_term_string\"}],\"inLanguage\":\"es\"},{\"@type\":\"ImageObject\",\"@id\":\"https:\/\/www.insm.es\/blognoticias\/absentismo-universitario-post-pandemia-causas\/#primaryimage\",\"inLanguage\":\"es\",\"url\":\"https:\/\/www.insm.es\/blognoticias\/wp-content\/uploads\/2022\/05\/aula.jpg\",\"contentUrl\":\"https:\/\/www.insm.es\/blognoticias\/wp-content\/uploads\/2022\/05\/aula.jpg\",\"width\":1706,\"height\":960,\"caption\":\"Ausentismo de estudiantes universitarios\"},{\"@type\":\"WebPage\",\"@id\":\"https:\/\/www.insm.es\/blognoticias\/absentismo-universitario-post-pandemia-causas\/#webpage\",\"url\":\"https:\/\/www.insm.es\/blognoticias\/absentismo-universitario-post-pandemia-causas\/\",\"name\":\"Los estudiantes universitarios faltan a clase\",\"isPartOf\":{\"@id\":\"https:\/\/www.insm.es\/blognoticias\/#website\"},\"primaryImageOfPage\":{\"@id\":\"https:\/\/www.insm.es\/blognoticias\/absentismo-universitario-post-pandemia-causas\/#primaryimage\"},\"datePublished\":\"2022-05-04T11:09:02+00:00\",\"dateModified\":\"2022-05-04T17:43:36+00:00\",\"description\":\"En los \\u00faltimos meses los profesores universitarios han constatado que un porcentaje significativo de estudiantes faltan a clase. Efectos\",\"breadcrumb\":{\"@id\":\"https:\/\/www.insm.es\/blognoticias\/absentismo-universitario-post-pandemia-causas\/#breadcrumb\"},\"inLanguage\":\"es\",\"potentialAction\":[{\"@type\":\"ReadAction\",\"target\":[\"https:\/\/www.insm.es\/blognoticias\/absentismo-universitario-post-pandemia-causas\/\"]}]},{\"@type\":\"BreadcrumbList\",\"@id\":\"https:\/\/www.insm.es\/blognoticias\/absentismo-universitario-post-pandemia-causas\/#breadcrumb\",\"itemListElement\":[{\"@type\":\"ListItem\",\"position\":1,\"name\":\"Portada\",\"item\":\"https:\/\/www.insm.es\/blognoticias\/\"},{\"@type\":\"ListItem\",\"position\":2,\"name\":\"Absentismo universitario post-pandemia: \\u00bfcausas?\"}]},{\"@type\":\"Article\",\"@id\":\"https:\/\/www.insm.es\/blognoticias\/absentismo-universitario-post-pandemia-causas\/#article\",\"isPartOf\":{\"@id\":\"https:\/\/www.insm.es\/blognoticias\/absentismo-universitario-post-pandemia-causas\/#webpage\"},\"author\":{\"@id\":\"https:\/\/www.insm.es\/blognoticias\/#\/schema\/person\/b57a209056d1b9ca17f173929e8a1b38\"},\"headline\":\"Absentismo universitario post-pandemia: \\u00bfcausas?\",\"datePublished\":\"2022-05-04T11:09:02+00:00\",\"dateModified\":\"2022-05-04T17:43:36+00:00\",\"mainEntityOfPage\":{\"@id\":\"https:\/\/www.insm.es\/blognoticias\/absentismo-universitario-post-pandemia-causas\/#webpage\"},\"wordCount\":807,\"publisher\":{\"@id\":\"https:\/\/www.insm.es\/blognoticias\/#organization\"},\"image\":{\"@id\":\"https:\/\/www.insm.es\/blognoticias\/absentismo-universitario-post-pandemia-causas\/#primaryimage\"},\"thumbnailUrl\":\"https:\/\/www.insm.es\/blognoticias\/wp-content\/uploads\/2022\/05\/aula.jpg\",\"articleSection\":[\"Actualidad\",\"educaci\\u00f3n\",\"Uncategorized\"],\"inLanguage\":\"es\"},{\"@type\":\"Person\",\"@id\":\"https:\/\/www.insm.es\/blognoticias\/#\/schema\/person\/b57a209056d1b9ca17f173929e8a1b38\",\"name\":\"wordpress\",\"image\":{\"@type\":\"ImageObject\",\"@id\":\"https:\/\/www.insm.es\/blognoticias\/#personlogo\",\"inLanguage\":\"es\",\"url\":\"https:\/\/secure.gravatar.com\/avatar\/ff50424bb16df4e94f1e415928de25a10e41cbc9ea3c8befcca38c2bf62bda98?s=96&d=mm&r=g\",\"contentUrl\":\"https:\/\/secure.gravatar.com\/avatar\/ff50424bb16df4e94f1e415928de25a10e41cbc9ea3c8befcca38c2bf62bda98?s=96&d=mm&r=g\",\"caption\":\"wordpress\"},\"sameAs\":[\"https:\/\/www.insm.es\/blognoticias\/\"],\"url\":\"https:\/\/www.insm.es\/blognoticias\/author\/wordpress\/\"}]}<\/script>\n<!-- \/ Yoast SEO Premium plugin. -->","yoast_head_json":{"title":"Los estudiantes universitarios faltan a clase","description":"En los \u00faltimos meses los profesores universitarios han constatado que un porcentaje significativo de estudiantes faltan a clase. Efectos","robots":{"index":"index","follow":"follow","max-snippet":"max-snippet:-1","max-image-preview":"max-image-preview:large","max-video-preview":"max-video-preview:-1"},"canonical":"https:\/\/www.insm.es\/blognoticias\/absentismo-universitario-post-pandemia-causas\/","og_locale":"es_ES","og_type":"article","og_title":"Absentismo universitario post-pandemia: \u00bfcausas?","og_description":"En los \u00faltimos meses los profesores universitarios han constatado que un porcentaje significativo de estudiantes faltan a clase. Efectos","og_url":"https:\/\/www.insm.es\/blognoticias\/absentismo-universitario-post-pandemia-causas\/","og_site_name":"INSM Blog","article_published_time":"2022-05-04T11:09:02+00:00","article_modified_time":"2022-05-04T17:43:36+00:00","og_image":[{"width":1706,"height":960,"url":"https:\/\/www.insm.es\/blognoticias\/wp-content\/uploads\/2022\/05\/aula.jpg","type":"image\/jpeg"}],"twitter_card":"summary_large_image","twitter_misc":{"Escrito por":"wordpress","Tiempo de lectura":"4 minutos"},"schema":{"@context":"https:\/\/schema.org","@graph":[{"@type":"Organization","@id":"https:\/\/www.insm.es\/blognoticias\/#organization","name":"Instituto de Neurociencias y Salud Mental","url":"https:\/\/www.insm.es\/blognoticias\/","sameAs":[],"logo":{"@type":"ImageObject","@id":"https:\/\/www.insm.es\/blognoticias\/#logo","inLanguage":"es","url":"https:\/\/www.insm.es\/blognoticias\/wp-content\/uploads\/2021\/12\/logo-INSM.png","contentUrl":"https:\/\/www.insm.es\/blognoticias\/wp-content\/uploads\/2021\/12\/logo-INSM.png","width":273,"height":95,"caption":"Instituto de Neurociencias y Salud Mental"},"image":{"@id":"https:\/\/www.insm.es\/blognoticias\/#logo"}},{"@type":"WebSite","@id":"https:\/\/www.insm.es\/blognoticias\/#website","url":"https:\/\/www.insm.es\/blognoticias\/","name":"INSM Blog","description":"Not\u00edcias sobre INSM","publisher":{"@id":"https:\/\/www.insm.es\/blognoticias\/#organization"},"potentialAction":[{"@type":"SearchAction","target":{"@type":"EntryPoint","urlTemplate":"https:\/\/www.insm.es\/blognoticias\/?s={search_term_string}"},"query-input":"required name=search_term_string"}],"inLanguage":"es"},{"@type":"ImageObject","@id":"https:\/\/www.insm.es\/blognoticias\/absentismo-universitario-post-pandemia-causas\/#primaryimage","inLanguage":"es","url":"https:\/\/www.insm.es\/blognoticias\/wp-content\/uploads\/2022\/05\/aula.jpg","contentUrl":"https:\/\/www.insm.es\/blognoticias\/wp-content\/uploads\/2022\/05\/aula.jpg","width":1706,"height":960,"caption":"Ausentismo de estudiantes universitarios"},{"@type":"WebPage","@id":"https:\/\/www.insm.es\/blognoticias\/absentismo-universitario-post-pandemia-causas\/#webpage","url":"https:\/\/www.insm.es\/blognoticias\/absentismo-universitario-post-pandemia-causas\/","name":"Los estudiantes universitarios faltan a clase","isPartOf":{"@id":"https:\/\/www.insm.es\/blognoticias\/#website"},"primaryImageOfPage":{"@id":"https:\/\/www.insm.es\/blognoticias\/absentismo-universitario-post-pandemia-causas\/#primaryimage"},"datePublished":"2022-05-04T11:09:02+00:00","dateModified":"2022-05-04T17:43:36+00:00","description":"En los \u00faltimos meses los profesores universitarios han constatado que un porcentaje significativo de estudiantes faltan a clase. Efectos","breadcrumb":{"@id":"https:\/\/www.insm.es\/blognoticias\/absentismo-universitario-post-pandemia-causas\/#breadcrumb"},"inLanguage":"es","potentialAction":[{"@type":"ReadAction","target":["https:\/\/www.insm.es\/blognoticias\/absentismo-universitario-post-pandemia-causas\/"]}]},{"@type":"BreadcrumbList","@id":"https:\/\/www.insm.es\/blognoticias\/absentismo-universitario-post-pandemia-causas\/#breadcrumb","itemListElement":[{"@type":"ListItem","position":1,"name":"Portada","item":"https:\/\/www.insm.es\/blognoticias\/"},{"@type":"ListItem","position":2,"name":"Absentismo universitario post-pandemia: \u00bfcausas?"}]},{"@type":"Article","@id":"https:\/\/www.insm.es\/blognoticias\/absentismo-universitario-post-pandemia-causas\/#article","isPartOf":{"@id":"https:\/\/www.insm.es\/blognoticias\/absentismo-universitario-post-pandemia-causas\/#webpage"},"author":{"@id":"https:\/\/www.insm.es\/blognoticias\/#\/schema\/person\/b57a209056d1b9ca17f173929e8a1b38"},"headline":"Absentismo universitario post-pandemia: \u00bfcausas?","datePublished":"2022-05-04T11:09:02+00:00","dateModified":"2022-05-04T17:43:36+00:00","mainEntityOfPage":{"@id":"https:\/\/www.insm.es\/blognoticias\/absentismo-universitario-post-pandemia-causas\/#webpage"},"wordCount":807,"publisher":{"@id":"https:\/\/www.insm.es\/blognoticias\/#organization"},"image":{"@id":"https:\/\/www.insm.es\/blognoticias\/absentismo-universitario-post-pandemia-causas\/#primaryimage"},"thumbnailUrl":"https:\/\/www.insm.es\/blognoticias\/wp-content\/uploads\/2022\/05\/aula.jpg","articleSection":["Actualidad","educaci\u00f3n","Uncategorized"],"inLanguage":"es"},{"@type":"Person","@id":"https:\/\/www.insm.es\/blognoticias\/#\/schema\/person\/b57a209056d1b9ca17f173929e8a1b38","name":"wordpress","image":{"@type":"ImageObject","@id":"https:\/\/www.insm.es\/blognoticias\/#personlogo","inLanguage":"es","url":"https:\/\/secure.gravatar.com\/avatar\/ff50424bb16df4e94f1e415928de25a10e41cbc9ea3c8befcca38c2bf62bda98?s=96&d=mm&r=g","contentUrl":"https:\/\/secure.gravatar.com\/avatar\/ff50424bb16df4e94f1e415928de25a10e41cbc9ea3c8befcca38c2bf62bda98?s=96&d=mm&r=g","caption":"wordpress"},"sameAs":["https:\/\/www.insm.es\/blognoticias\/"],"url":"https:\/\/www.insm.es\/blognoticias\/author\/wordpress\/"}]}},"_links":{"self":[{"href":"https:\/\/www.insm.es\/blognoticias\/wp-json\/wp\/v2\/posts\/8653","targetHints":{"allow":["GET"]}}],"collection":[{"href":"https:\/\/www.insm.es\/blognoticias\/wp-json\/wp\/v2\/posts"}],"about":[{"href":"https:\/\/www.insm.es\/blognoticias\/wp-json\/wp\/v2\/types\/post"}],"author":[{"embeddable":true,"href":"https:\/\/www.insm.es\/blognoticias\/wp-json\/wp\/v2\/users\/1"}],"replies":[{"embeddable":true,"href":"https:\/\/www.insm.es\/blognoticias\/wp-json\/wp\/v2\/comments?post=8653"}],"version-history":[{"count":24,"href":"https:\/\/www.insm.es\/blognoticias\/wp-json\/wp\/v2\/posts\/8653\/revisions"}],"predecessor-version":[{"id":8678,"href":"https:\/\/www.insm.es\/blognoticias\/wp-json\/wp\/v2\/posts\/8653\/revisions\/8678"}],"wp:featuredmedia":[{"embeddable":true,"href":"https:\/\/www.insm.es\/blognoticias\/wp-json\/wp\/v2\/media\/8655"}],"wp:attachment":[{"href":"https:\/\/www.insm.es\/blognoticias\/wp-json\/wp\/v2\/media?parent=8653"}],"wp:term":[{"taxonomy":"category","embeddable":true,"href":"https:\/\/www.insm.es\/blognoticias\/wp-json\/wp\/v2\/categories?post=8653"},{"taxonomy":"post_tag","embeddable":true,"href":"https:\/\/www.insm.es\/blognoticias\/wp-json\/wp\/v2\/tags?post=8653"}],"curies":[{"name":"wp","href":"https:\/\/api.w.org\/{rel}","templated":true}]}}