{"id":8468,"date":"2022-04-03T14:55:08","date_gmt":"2022-04-03T14:55:08","guid":{"rendered":"https:\/\/www.insm.es\/blognoticias\/?p=8468"},"modified":"2022-04-20T10:58:26","modified_gmt":"2022-04-20T10:58:26","slug":"hemos-tenido-un-sueno","status":"publish","type":"post","link":"https:\/\/www.insm.es\/blognoticias\/hemos-tenido-un-sueno\/","title":{"rendered":"Hemos tenido un sue\u00f1o"},"content":{"rendered":"\t\t<div data-elementor-type=\"wp-post\" data-elementor-id=\"8468\" class=\"elementor elementor-8468\" data-elementor-settings=\"[]\">\n\t\t\t\t\t\t\t<div class=\"elementor-section-wrap\">\n\t\t\t\t\t\t\t<section class=\"elementor-section elementor-top-section elementor-element elementor-element-5712028 elementor-section-boxed elementor-section-height-default elementor-section-height-default qodef-elementor-content-no\" data-id=\"5712028\" data-element_type=\"section\">\n\t\t\t\t\t\t<div class=\"elementor-container elementor-column-gap-default\">\n\t\t\t\t\t<div class=\"elementor-column elementor-col-100 elementor-top-column elementor-element elementor-element-ae94452\" data-id=\"ae94452\" data-element_type=\"column\">\n\t\t\t<div class=\"elementor-widget-wrap elementor-element-populated\">\n\t\t\t\t\t\t\t\t<div class=\"elementor-element elementor-element-49121b6 elementor-widget elementor-widget-text-editor\" data-id=\"49121b6\" data-element_type=\"widget\" data-widget_type=\"text-editor.default\">\n\t\t\t\t<div class=\"elementor-widget-container\">\n\t\t\t\t\t\t\t<p class=\"ox-0cde9ebbb7-msonormal\"><strong><u>Hemos tenido un sue\u00f1o: una ficci\u00f3n plausible<\/u><\/strong><\/p><p class=\"ox-0cde9ebbb7-msonormal\">Constatamos que ha sucedido algo verdaderamente nuevo en la civilizaci\u00f3n. Hasta ahora, los sue\u00f1os hab\u00edan sido algo que le suced\u00eda a un sujeto, nunca antes millones de personas hab\u00edan tenido el mismo sue\u00f1o.\u00a0<\/p><p class=\"ox-0cde9ebbb7-msonormal\">Cualquiera haya sido la significaci\u00f3n que se le haya dado a la actividad on\u00edrica a lo largo de la historia, siempre se trat\u00f3 de un asunto individual. Revelado, oracular, manifiesto, latente, recordado, reprimido y olvidado pero individual.\u00a0<\/p><p class=\"ox-0cde9ebbb7-msonormal\">So\u00f1amos a todas las edades del ser humano, cada noche, cada vez que dormimos. Sue\u00f1os agradables, terror\u00edficos, incoherentes, repetidos, \u00fanicos, olvidados para cada uno. Un registro imposible revelar\u00eda que, en un d\u00eda cualquiera, hay incontablemente m\u00e1s sue\u00f1os so\u00f1ados que todos los libros escritos en todas las lenguas.<\/p><p>Desde el <a href=\"https:\/\/www.cervantesvirtual.com\/obra-visor\/dialogos-fedon-o-de-la-inmortalidad-del-alma-el-banquete-o-del-amor-gorgias-o-de-la-retorica--0\/html\/0005c9fc-82b2-11df-acc7-002185ce6064_10.html\"><em>Fed\u00f3n<\/em> de <em>Plat\u00f3n<\/em>,<\/a> donde <em>S\u00f3crates<\/em> explica a <em>Cebes <\/em>dos interpretaciones de un sue\u00f1o repetido hasta el final de sus d\u00edas, conocemos que un sue\u00f1o es interpretable por el so\u00f1ante. Un art\u00edculo imprescindible de <em><a href=\"https:\/\/ddd.uab.cat\/pub\/faventia\/02107570v16n1\/02107570v16n1p39.pdf\">Maria del Carmen Cabrero<\/a><\/em> tiene para nosotros la virtud de relatar con sint\u00e9tica precisi\u00f3n el sue\u00f1o en el<em> Fed\u00f3n<\/em> y reunir a un tiempo a los autores modernos principales que explican los mecanismos generales del sue\u00f1o.<\/p><p class=\"ox-0cde9ebbb7-msonormal\">\u00bfPero a qu\u00e9 viene ahora que tanta gente haya tenido el mismo sue\u00f1o?\u00a0<\/p><p class=\"ox-0cde9ebbb7-msonormal\">Si comparamos los relatos que nos llegan de este sue\u00f1o, vemos diferencias, pero al parecer son meramente escenogr\u00e1ficas. En efecto, var\u00edan los decorados en los que se sit\u00faa el so\u00f1ante, aunque predominan abrumadoramente las plazas emblem\u00e1ticas de ciudades y pueblos. Tambi\u00e9n var\u00eda la cantidad de personajes del sue\u00f1o y su aspecto. Algunos so\u00f1antes est\u00e1n solos en la plaza de su sue\u00f1o, otros rodeados de una multitud. Los\u00a0ni\u00f1os abundan<strong>.\u00a0<\/strong><\/p><p class=\"ox-0cde9ebbb7-msonormal\">Es dif\u00edcil fijar la fecha en la que se produjo este acontecimiento on\u00edrico universal: distintos usos horarios y la frecuente imprecisi\u00f3n de los so\u00f1antes hacen improbable establecer la fecha exacta, aunque parece ser que habr\u00eda ocurrido en la misma semana despu\u00e9s del 24 de febrero de 2022. E<strong>n<\/strong>\u00a0todo caso, habr\u00eda sido posterior a la guerra desatada por Puti<strong>n. <\/strong><\/p><p class=\"ox-0cde9ebbb7-msonormal\">Son tan numerosos y coincidentes los relatos del contenido manifiesto principal en so\u00f1antes occidentales que hace innecesario situarlos. Pero no deja de sorprender que tambi\u00e9n ocurriera en el continente asi\u00e1tico y africano. Al menos hasta donde podamos confiarnos en las b\u00fasquedas y en el traductor de google.<\/p><p class=\"ox-0cde9ebbb7-msonormal\">Antes de avanzar en nuestro an\u00e1lisis de lo sucedido, debemos cuestionar nuestra afirmaci\u00f3n inicial de que ser\u00eda el primer sue\u00f1o universal.<\/p><p class=\"ox-0cde9ebbb7-msonormal\">En efecto, podr\u00eda haber al menos un antecedente, ya que encontramos en las pinturas rupestres situadas en cavernas muy distantes, la misma representaci\u00f3n de escenas de caza y batalla. Se trata de pinturas que la arqueolog\u00eda moderna sit\u00faa en la misma \u00e9poca. \u00bfAcaso se trat\u00f3 de un sue\u00f1o colectivo que dio origen a lo que llamamos civilizaci\u00f3n?<\/p><p class=\"ox-0cde9ebbb7-msonormal\">L\u00f3gicamente no podremos saberlo, sin embargo, s\u00ed podemos construir la hip\u00f3tesis de que toda realidad para el ser humano es una construcci\u00f3n consecuencia a un relato. De lo <a title=\"https:\/\/clinicaypsicoanalisis1.webnode.es\/news\/el-simbolico-el-imaginario-y-el-real-1953-jacques-lacan\/\" contenteditable=\"false\" href=\"https:\/\/clinicaypsicoanalisis1.webnode.es\/news\/el-simbolico-el-imaginario-y-el-real-1953-jacques-lacan\/\" target=\"_blank\" rel=\"noopener\">Real<\/a> que exista, nada sabemos hasta que somos capaces de iniciar una narrativa anudada que lo hace posible en nuestra cabeza. Y cuando a la realidad la construye la ciencia, ese relato se inicia con una pregunta hecha con palabras o con n\u00fameros que, como m\u00ednimo, ya son un relato.<\/p><p class=\"ox-0cde9ebbb7-msonormal\">Carecemos, por nuestra parte, de los recursos m\u00edsticos que pretenden que alguna entidad m\u00e1s all\u00e1 de lo humano habr\u00eda transmitido este sue\u00f1o universal. S\u00f3crates pudo recurrir a las Musas inspiradoras y, la verdad, bastante insistentes en su cabeza, por lo que parece en el<em> Fed\u00f3n<\/em>. Nosotros no tenemos eso, ni tampoco el favor que la devoci\u00f3n del pueblo griego al dios Apolo le otorg\u00f3 al fil\u00f3sofo, as\u00ed que nos toca apostar por las ciencias.<\/p><p class=\"ox-0cde9ebbb7-msonormal\">Como siempre conviene hacer con los sue\u00f1os propios, cada so\u00f1ante puede intentar entender el significado expresado en su sue\u00f1o. En el caso universal que nos ocupa, podemos seguir el mismo procedimiento, solo que esta vez deberemos centrar nuestra atenci\u00f3n en las diferencias que, al parecer, encontraremos en el escenario.<\/p><p class=\"ox-0cde9ebbb7-msonormal\">Debemos, entonces, renunciar en nuestro an\u00e1lisis a la idea principal del sue\u00f1o, ya que es la misma para tanta gente y nada nos dir\u00e1 de nosotros mismos ni de su significado para cada uno.<\/p><p class=\"ox-0cde9ebbb7-msonormal\">En cambio, en las diferencias podr\u00edamos aplicar nuestro conocimiento con claridad y experiencia suficiente.<\/p><p class=\"ox-0cde9ebbb7-msonormal\">Como sabemos, cada imagen recordada del sue\u00f1o puede ser relatada con palabras por el so\u00f1ante y luego asociando \u00e9l mismo con cada una de ellas para desplegar condensaci\u00f3n y desplazamiento -met\u00e1fora y metonimia- y lo m\u00e1s dif\u00edcil, que es el <a title=\"http:\/\/marthadicroce.blogspot.com\/2011\/04\/problemas-de-linguistica-general-emile.html\" contenteditable=\"false\" href=\"http:\/\/marthadicroce.blogspot.com\/2011\/04\/problemas-de-linguistica-general-emile.html\" target=\"_blank\" rel=\"noopener\">espacio en el desplazamiento<\/a> donde puede estar aquello que nos importa.\u00a0<\/p><p class=\"ox-0cde9ebbb7-msonormal\">Comenzar por el <a title=\"https:\/\/es.wikipedia.org\/wiki\/Interpretaci%C3%B3n_de_los_sue%C3%B1os#Manifestaciones_on%C3%ADricas_en_el_pensamiento_griego\" contenteditable=\"false\" href=\"https:\/\/es.wikipedia.org\/wiki\/Interpretaci%C3%B3n_de_los_sue%C3%B1os#Manifestaciones_on%C3%ADricas_en_el_pensamiento_griego\">resto diurno del sue\u00f1o<\/a> suele ayudar a su an\u00e1lisis.<\/p><p class=\"ox-0cde9ebbb7-msonormal\">De esta forma podremos descubrir el intento de realizaci\u00f3n de un deseo que ata\u00f1e al <a href=\"https:\/\/ps.iaeu.net\/course\/view.php?id=121\" target=\"_blank\" rel=\"noopener\">personaje principal que nos representa en el sue\u00f1o<\/a> y tambi\u00e9n que los otros personajes somos nosotros mismos, aspectos de nosotros mismos por decirlo de una manera r\u00e1pida. Somos ese ni\u00f1o a nuestro lado en la plaza y tambi\u00e9n aquella mujer por delante y el monumento de la escultura con un soldado que tiene alg\u00fan rasgo de <a href=\"https:\/\/ps.iaeu.net\/course\/view.php?id=180\" target=\"_blank\" rel=\"noopener\">nuestro rostro<\/a>. La variedad y la combinatoria representativa es grande para cada so\u00f1ant\u00e1\u00a0<\/p><p class=\"ox-0cde9ebbb7-msonormal\">Hecho este trabajo de elaboraci\u00f3n, podr\u00edamos retomar la idea principal manifiesta en nuestro sue\u00f1o universal y vislumbrar qu\u00e9 significa para uno. Ya que la misma piedra en el mismo camino significar\u00e1 algo distinto para cada caminante.<\/p><p class=\"ox-0cde9ebbb7-msonormal\">Pero a\u00fan queda una desmentida posible sobre la universalidad del sue\u00f1o. Podr\u00edamos argumentar que, de la misma manera que en la que cueva prehist\u00f3rica la caza representa un deseo animista de que ocurra la consecuci\u00f3n del objetivo com\u00fan necesitado para la manutenci\u00f3n, no se hubiera requerido un sue\u00f1o universal, porque la creencia m\u00e1gica y la necesidad era com\u00fan a todos. No obstante, la creencia m\u00e1gico-animista ser\u00eda igualmente un sue\u00f1o ya que comparte sus mecanismos generales.<\/p><p class=\"ox-0cde9ebbb7-msonormal\">La existencia del sue\u00f1o que fechamos posterior al 24 de febrero de 2022, podr\u00eda desmentirse de la misma manera. En efecto, la enorme pregnancia que sin duda ha tenido el seguimiento y el <a title=\"https:\/\/www.casadellibro.com\/libro-infocracia\/9788430624898\/12744104?gclid=CjwKCAjwi6WSBhA-EiwA6Niok97E7CrEKtwlr46kBfDoRIb-dBjr9NGlqE5nEZmvD5pGTrStY0VssxoCIWYQAvD_BwE\" contenteditable=\"false\" href=\"https:\/\/www.casadellibro.com\/libro-infocracia\/9788430624898\/12744104?gclid=CjwKCAjwi6WSBhA-EiwA6Niok97E7CrEKtwlr46kBfDoRIb-dBjr9NGlqE5nEZmvD5pGTrStY0VssxoCIWYQAvD_BwE\" target=\"_blank\" rel=\"noopener\">desborde informativo<\/a> de esta guerra en tanta gente habr\u00eda podido sugestionarlos de tal manera a tantas personas que finalmente, apoyados en la labilidad y plasticidad del recuerdo de los sue\u00f1os, hayan construido en la vigilia que tuvieron el mismo sue\u00f1o en las mismas fechas. Y que el sue\u00f1o universal en realidad no haya existido nunca.<\/p><p class=\"ox-0cde9ebbb7-msonormal\">Esta hip\u00f3tesis de inexistencia del universal, se apoya en que cuando un Real inesperado golpea tan fuerte, sus efectos en las personas puede ser algo de tinte alucinatorio.<\/p><p class=\"ox-0cde9ebbb7-msonormal\">Y se suma que la credulidad fue un refugio seguro para la negaci\u00f3n de los hechos previos para much\u00edsimos europeos, tal como advierten varios comentaristas e intelectuales como <a href=\"https:\/\/elpais.com\/ideas\/2022-03-26\/el-pensador-edgar-morin-reflexiona-desde-sus-100-anos-sobre-la-guerra-en-ucrania-me-acuerdo-de-la-angustia-que-senti-durante-la-crisis-de-los-misiles.html\" target=\"_blank\" rel=\"noopener\"><em>Edgar Morin<\/em>.<\/a> Y como dolorosamente tuvo que reconocer <a href=\"https:\/\/www.eldebate.com\/internacional\/20220401\/macron-destituye-jefe-inteligencia-ejercito-no-prever-invasion-rusia-ucrania.html\" target=\"_blank\" rel=\"noopener\"><em>Emmanuel Jean-Michel Fr\u00e9d\u00e9ric Macron<\/em>, presidente de Francia<\/a><b>.<\/b><\/p><p class=\"ox-0cde9ebbb7-msonormal\"><a href=\"https:\/\/www.insm.es\/#about\" target=\"_blank\" rel=\"noopener\"><strong>INSM<\/strong><\/a><\/p>\t\t\t\t\t\t<\/div>\n\t\t\t\t<\/div>\n\t\t\t\t\t<\/div>\n\t\t<\/div>\n\t\t\t\t\t\t\t<\/div>\n\t\t<\/section>\n\t\t\t\t\t\t<\/div>\n\t\t\t\t\t<\/div>\n\t\t","protected":false},"excerpt":{"rendered":"<p>Hemos tenido un sue\u00f1o: una ficci\u00f3n plausible.<br \/>\n\u00bfPero a qu\u00e9 viene ahora que millones de personas hayan tenido el mismo sue\u00f1o? <\/p>\n","protected":false},"author":1,"featured_media":8469,"comment_status":"closed","ping_status":"open","sticky":false,"template":"","format":"standard","meta":{"footnotes":""},"categories":[52,48,50,49],"tags":[],"class_list":["post-8468","post","type-post","status-publish","format-standard","has-post-thumbnail","hentry","category-actualidad","category-mental-health","category-neurociencias","category-salud-mental"],"yoast_head":"<!-- This site is optimized with the Yoast SEO Premium plugin v17.8 (Yoast SEO v17.8) - https:\/\/yoast.com\/wordpress\/plugins\/seo\/ -->\n<title>Hemos tenido un sue\u00f1o - INSM Blog<\/title>\n<meta name=\"description\" content=\"Algo nuevo en la civilizaci\u00f3n. Hasta ahora, nunca antes millones de personas hab\u00edan tenido el mismo sue\u00f1o en todo el mundo.\" \/>\n<meta name=\"robots\" content=\"index, follow, max-snippet:-1, max-image-preview:large, max-video-preview:-1\" \/>\n<link rel=\"canonical\" href=\"https:\/\/www.insm.es\/blognoticias\/hemos-tenido-un-sueno\/\" \/>\n<meta property=\"og:locale\" content=\"es_ES\" \/>\n<meta property=\"og:type\" content=\"article\" \/>\n<meta property=\"og:title\" content=\"Hemos tenido un sue\u00f1o\" \/>\n<meta property=\"og:description\" content=\"Algo nuevo en la civilizaci\u00f3n. Hasta ahora, nunca antes millones de personas hab\u00edan tenido el mismo sue\u00f1o en todo el mundo.\" \/>\n<meta property=\"og:url\" content=\"https:\/\/www.insm.es\/blognoticias\/hemos-tenido-un-sueno\/\" \/>\n<meta property=\"og:site_name\" content=\"INSM Blog\" \/>\n<meta property=\"article:published_time\" content=\"2022-04-03T14:55:08+00:00\" \/>\n<meta property=\"article:modified_time\" content=\"2022-04-20T10:58:26+00:00\" \/>\n<meta property=\"og:image\" content=\"https:\/\/www.insm.es\/blognoticias\/wp-content\/uploads\/2022\/04\/mafalda2.ipg_.jpeg\" \/>\n\t<meta property=\"og:image:width\" content=\"1280\" \/>\n\t<meta property=\"og:image:height\" content=\"720\" \/>\n<meta name=\"twitter:card\" content=\"summary_large_image\" \/>\n<meta name=\"twitter:label1\" content=\"Escrito por\" \/>\n\t<meta name=\"twitter:data1\" content=\"wordpress\" \/>\n\t<meta name=\"twitter:label2\" content=\"Tiempo de lectura\" \/>\n\t<meta name=\"twitter:data2\" content=\"6 minutos\" \/>\n<script type=\"application\/ld+json\" class=\"yoast-schema-graph\">{\"@context\":\"https:\/\/schema.org\",\"@graph\":[{\"@type\":\"Organization\",\"@id\":\"https:\/\/www.insm.es\/blognoticias\/#organization\",\"name\":\"Instituto de Neurociencias y Salud Mental\",\"url\":\"https:\/\/www.insm.es\/blognoticias\/\",\"sameAs\":[],\"logo\":{\"@type\":\"ImageObject\",\"@id\":\"https:\/\/www.insm.es\/blognoticias\/#logo\",\"inLanguage\":\"es\",\"url\":\"https:\/\/www.insm.es\/blognoticias\/wp-content\/uploads\/2021\/12\/logo-INSM.png\",\"contentUrl\":\"https:\/\/www.insm.es\/blognoticias\/wp-content\/uploads\/2021\/12\/logo-INSM.png\",\"width\":273,\"height\":95,\"caption\":\"Instituto de Neurociencias y Salud Mental\"},\"image\":{\"@id\":\"https:\/\/www.insm.es\/blognoticias\/#logo\"}},{\"@type\":\"WebSite\",\"@id\":\"https:\/\/www.insm.es\/blognoticias\/#website\",\"url\":\"https:\/\/www.insm.es\/blognoticias\/\",\"name\":\"INSM Blog\",\"description\":\"Not\\u00edcias sobre INSM\",\"publisher\":{\"@id\":\"https:\/\/www.insm.es\/blognoticias\/#organization\"},\"potentialAction\":[{\"@type\":\"SearchAction\",\"target\":{\"@type\":\"EntryPoint\",\"urlTemplate\":\"https:\/\/www.insm.es\/blognoticias\/?s={search_term_string}\"},\"query-input\":\"required name=search_term_string\"}],\"inLanguage\":\"es\"},{\"@type\":\"ImageObject\",\"@id\":\"https:\/\/www.insm.es\/blognoticias\/hemos-tenido-un-sueno\/#primaryimage\",\"inLanguage\":\"es\",\"url\":\"https:\/\/www.insm.es\/blognoticias\/wp-content\/uploads\/2022\/04\/mafalda2.ipg_.jpeg\",\"contentUrl\":\"https:\/\/www.insm.es\/blognoticias\/wp-content\/uploads\/2022\/04\/mafalda2.ipg_.jpeg\",\"width\":1280,\"height\":720,\"caption\":\"las guerras\"},{\"@type\":\"WebPage\",\"@id\":\"https:\/\/www.insm.es\/blognoticias\/hemos-tenido-un-sueno\/#webpage\",\"url\":\"https:\/\/www.insm.es\/blognoticias\/hemos-tenido-un-sueno\/\",\"name\":\"Hemos tenido un sue\\u00f1o - INSM Blog\",\"isPartOf\":{\"@id\":\"https:\/\/www.insm.es\/blognoticias\/#website\"},\"primaryImageOfPage\":{\"@id\":\"https:\/\/www.insm.es\/blognoticias\/hemos-tenido-un-sueno\/#primaryimage\"},\"datePublished\":\"2022-04-03T14:55:08+00:00\",\"dateModified\":\"2022-04-20T10:58:26+00:00\",\"description\":\"Algo nuevo en la civilizaci\\u00f3n. Hasta ahora, nunca antes millones de personas hab\\u00edan tenido el mismo sue\\u00f1o en todo el mundo.\",\"breadcrumb\":{\"@id\":\"https:\/\/www.insm.es\/blognoticias\/hemos-tenido-un-sueno\/#breadcrumb\"},\"inLanguage\":\"es\",\"potentialAction\":[{\"@type\":\"ReadAction\",\"target\":[\"https:\/\/www.insm.es\/blognoticias\/hemos-tenido-un-sueno\/\"]}]},{\"@type\":\"BreadcrumbList\",\"@id\":\"https:\/\/www.insm.es\/blognoticias\/hemos-tenido-un-sueno\/#breadcrumb\",\"itemListElement\":[{\"@type\":\"ListItem\",\"position\":1,\"name\":\"Portada\",\"item\":\"https:\/\/www.insm.es\/blognoticias\/\"},{\"@type\":\"ListItem\",\"position\":2,\"name\":\"Hemos tenido un sue\\u00f1o\"}]},{\"@type\":\"Article\",\"@id\":\"https:\/\/www.insm.es\/blognoticias\/hemos-tenido-un-sueno\/#article\",\"isPartOf\":{\"@id\":\"https:\/\/www.insm.es\/blognoticias\/hemos-tenido-un-sueno\/#webpage\"},\"author\":{\"@id\":\"https:\/\/www.insm.es\/blognoticias\/#\/schema\/person\/b57a209056d1b9ca17f173929e8a1b38\"},\"headline\":\"Hemos tenido un sue\\u00f1o\",\"datePublished\":\"2022-04-03T14:55:08+00:00\",\"dateModified\":\"2022-04-20T10:58:26+00:00\",\"mainEntityOfPage\":{\"@id\":\"https:\/\/www.insm.es\/blognoticias\/hemos-tenido-un-sueno\/#webpage\"},\"wordCount\":1267,\"publisher\":{\"@id\":\"https:\/\/www.insm.es\/blognoticias\/#organization\"},\"image\":{\"@id\":\"https:\/\/www.insm.es\/blognoticias\/hemos-tenido-un-sueno\/#primaryimage\"},\"thumbnailUrl\":\"https:\/\/www.insm.es\/blognoticias\/wp-content\/uploads\/2022\/04\/mafalda2.ipg_.jpeg\",\"articleSection\":[\"Actualidad\",\"Mental Health\",\"Neurociencias\",\"Salud Mental\"],\"inLanguage\":\"es\"},{\"@type\":\"Person\",\"@id\":\"https:\/\/www.insm.es\/blognoticias\/#\/schema\/person\/b57a209056d1b9ca17f173929e8a1b38\",\"name\":\"wordpress\",\"image\":{\"@type\":\"ImageObject\",\"@id\":\"https:\/\/www.insm.es\/blognoticias\/#personlogo\",\"inLanguage\":\"es\",\"url\":\"https:\/\/secure.gravatar.com\/avatar\/ff50424bb16df4e94f1e415928de25a10e41cbc9ea3c8befcca38c2bf62bda98?s=96&d=mm&r=g\",\"contentUrl\":\"https:\/\/secure.gravatar.com\/avatar\/ff50424bb16df4e94f1e415928de25a10e41cbc9ea3c8befcca38c2bf62bda98?s=96&d=mm&r=g\",\"caption\":\"wordpress\"},\"sameAs\":[\"https:\/\/www.insm.es\/blognoticias\/\"],\"url\":\"https:\/\/www.insm.es\/blognoticias\/author\/wordpress\/\"}]}<\/script>\n<!-- \/ Yoast SEO Premium plugin. -->","yoast_head_json":{"title":"Hemos tenido un sue\u00f1o - INSM Blog","description":"Algo nuevo en la civilizaci\u00f3n. Hasta ahora, nunca antes millones de personas hab\u00edan tenido el mismo sue\u00f1o en todo el mundo.","robots":{"index":"index","follow":"follow","max-snippet":"max-snippet:-1","max-image-preview":"max-image-preview:large","max-video-preview":"max-video-preview:-1"},"canonical":"https:\/\/www.insm.es\/blognoticias\/hemos-tenido-un-sueno\/","og_locale":"es_ES","og_type":"article","og_title":"Hemos tenido un sue\u00f1o","og_description":"Algo nuevo en la civilizaci\u00f3n. Hasta ahora, nunca antes millones de personas hab\u00edan tenido el mismo sue\u00f1o en todo el mundo.","og_url":"https:\/\/www.insm.es\/blognoticias\/hemos-tenido-un-sueno\/","og_site_name":"INSM Blog","article_published_time":"2022-04-03T14:55:08+00:00","article_modified_time":"2022-04-20T10:58:26+00:00","og_image":[{"width":1280,"height":720,"url":"https:\/\/www.insm.es\/blognoticias\/wp-content\/uploads\/2022\/04\/mafalda2.ipg_.jpeg","type":"image\/jpeg"}],"twitter_card":"summary_large_image","twitter_misc":{"Escrito por":"wordpress","Tiempo de lectura":"6 minutos"},"schema":{"@context":"https:\/\/schema.org","@graph":[{"@type":"Organization","@id":"https:\/\/www.insm.es\/blognoticias\/#organization","name":"Instituto de Neurociencias y Salud Mental","url":"https:\/\/www.insm.es\/blognoticias\/","sameAs":[],"logo":{"@type":"ImageObject","@id":"https:\/\/www.insm.es\/blognoticias\/#logo","inLanguage":"es","url":"https:\/\/www.insm.es\/blognoticias\/wp-content\/uploads\/2021\/12\/logo-INSM.png","contentUrl":"https:\/\/www.insm.es\/blognoticias\/wp-content\/uploads\/2021\/12\/logo-INSM.png","width":273,"height":95,"caption":"Instituto de Neurociencias y Salud Mental"},"image":{"@id":"https:\/\/www.insm.es\/blognoticias\/#logo"}},{"@type":"WebSite","@id":"https:\/\/www.insm.es\/blognoticias\/#website","url":"https:\/\/www.insm.es\/blognoticias\/","name":"INSM Blog","description":"Not\u00edcias sobre INSM","publisher":{"@id":"https:\/\/www.insm.es\/blognoticias\/#organization"},"potentialAction":[{"@type":"SearchAction","target":{"@type":"EntryPoint","urlTemplate":"https:\/\/www.insm.es\/blognoticias\/?s={search_term_string}"},"query-input":"required name=search_term_string"}],"inLanguage":"es"},{"@type":"ImageObject","@id":"https:\/\/www.insm.es\/blognoticias\/hemos-tenido-un-sueno\/#primaryimage","inLanguage":"es","url":"https:\/\/www.insm.es\/blognoticias\/wp-content\/uploads\/2022\/04\/mafalda2.ipg_.jpeg","contentUrl":"https:\/\/www.insm.es\/blognoticias\/wp-content\/uploads\/2022\/04\/mafalda2.ipg_.jpeg","width":1280,"height":720,"caption":"las guerras"},{"@type":"WebPage","@id":"https:\/\/www.insm.es\/blognoticias\/hemos-tenido-un-sueno\/#webpage","url":"https:\/\/www.insm.es\/blognoticias\/hemos-tenido-un-sueno\/","name":"Hemos tenido un sue\u00f1o - INSM Blog","isPartOf":{"@id":"https:\/\/www.insm.es\/blognoticias\/#website"},"primaryImageOfPage":{"@id":"https:\/\/www.insm.es\/blognoticias\/hemos-tenido-un-sueno\/#primaryimage"},"datePublished":"2022-04-03T14:55:08+00:00","dateModified":"2022-04-20T10:58:26+00:00","description":"Algo nuevo en la civilizaci\u00f3n. Hasta ahora, nunca antes millones de personas hab\u00edan tenido el mismo sue\u00f1o en todo el mundo.","breadcrumb":{"@id":"https:\/\/www.insm.es\/blognoticias\/hemos-tenido-un-sueno\/#breadcrumb"},"inLanguage":"es","potentialAction":[{"@type":"ReadAction","target":["https:\/\/www.insm.es\/blognoticias\/hemos-tenido-un-sueno\/"]}]},{"@type":"BreadcrumbList","@id":"https:\/\/www.insm.es\/blognoticias\/hemos-tenido-un-sueno\/#breadcrumb","itemListElement":[{"@type":"ListItem","position":1,"name":"Portada","item":"https:\/\/www.insm.es\/blognoticias\/"},{"@type":"ListItem","position":2,"name":"Hemos tenido un sue\u00f1o"}]},{"@type":"Article","@id":"https:\/\/www.insm.es\/blognoticias\/hemos-tenido-un-sueno\/#article","isPartOf":{"@id":"https:\/\/www.insm.es\/blognoticias\/hemos-tenido-un-sueno\/#webpage"},"author":{"@id":"https:\/\/www.insm.es\/blognoticias\/#\/schema\/person\/b57a209056d1b9ca17f173929e8a1b38"},"headline":"Hemos tenido un sue\u00f1o","datePublished":"2022-04-03T14:55:08+00:00","dateModified":"2022-04-20T10:58:26+00:00","mainEntityOfPage":{"@id":"https:\/\/www.insm.es\/blognoticias\/hemos-tenido-un-sueno\/#webpage"},"wordCount":1267,"publisher":{"@id":"https:\/\/www.insm.es\/blognoticias\/#organization"},"image":{"@id":"https:\/\/www.insm.es\/blognoticias\/hemos-tenido-un-sueno\/#primaryimage"},"thumbnailUrl":"https:\/\/www.insm.es\/blognoticias\/wp-content\/uploads\/2022\/04\/mafalda2.ipg_.jpeg","articleSection":["Actualidad","Mental Health","Neurociencias","Salud Mental"],"inLanguage":"es"},{"@type":"Person","@id":"https:\/\/www.insm.es\/blognoticias\/#\/schema\/person\/b57a209056d1b9ca17f173929e8a1b38","name":"wordpress","image":{"@type":"ImageObject","@id":"https:\/\/www.insm.es\/blognoticias\/#personlogo","inLanguage":"es","url":"https:\/\/secure.gravatar.com\/avatar\/ff50424bb16df4e94f1e415928de25a10e41cbc9ea3c8befcca38c2bf62bda98?s=96&d=mm&r=g","contentUrl":"https:\/\/secure.gravatar.com\/avatar\/ff50424bb16df4e94f1e415928de25a10e41cbc9ea3c8befcca38c2bf62bda98?s=96&d=mm&r=g","caption":"wordpress"},"sameAs":["https:\/\/www.insm.es\/blognoticias\/"],"url":"https:\/\/www.insm.es\/blognoticias\/author\/wordpress\/"}]}},"_links":{"self":[{"href":"https:\/\/www.insm.es\/blognoticias\/wp-json\/wp\/v2\/posts\/8468","targetHints":{"allow":["GET"]}}],"collection":[{"href":"https:\/\/www.insm.es\/blognoticias\/wp-json\/wp\/v2\/posts"}],"about":[{"href":"https:\/\/www.insm.es\/blognoticias\/wp-json\/wp\/v2\/types\/post"}],"author":[{"embeddable":true,"href":"https:\/\/www.insm.es\/blognoticias\/wp-json\/wp\/v2\/users\/1"}],"replies":[{"embeddable":true,"href":"https:\/\/www.insm.es\/blognoticias\/wp-json\/wp\/v2\/comments?post=8468"}],"version-history":[{"count":43,"href":"https:\/\/www.insm.es\/blognoticias\/wp-json\/wp\/v2\/posts\/8468\/revisions"}],"predecessor-version":[{"id":8576,"href":"https:\/\/www.insm.es\/blognoticias\/wp-json\/wp\/v2\/posts\/8468\/revisions\/8576"}],"wp:featuredmedia":[{"embeddable":true,"href":"https:\/\/www.insm.es\/blognoticias\/wp-json\/wp\/v2\/media\/8469"}],"wp:attachment":[{"href":"https:\/\/www.insm.es\/blognoticias\/wp-json\/wp\/v2\/media?parent=8468"}],"wp:term":[{"taxonomy":"category","embeddable":true,"href":"https:\/\/www.insm.es\/blognoticias\/wp-json\/wp\/v2\/categories?post=8468"},{"taxonomy":"post_tag","embeddable":true,"href":"https:\/\/www.insm.es\/blognoticias\/wp-json\/wp\/v2\/tags?post=8468"}],"curies":[{"name":"wp","href":"https:\/\/api.w.org\/{rel}","templated":true}]}}