{"id":8233,"date":"2022-02-09T19:16:04","date_gmt":"2022-02-09T19:16:04","guid":{"rendered":"https:\/\/www.insm.es\/blognoticias\/?p=8233"},"modified":"2023-05-31T11:48:07","modified_gmt":"2023-05-31T11:48:07","slug":"mantener-a-los-jovenes-en-vida-una-urgencia-absoluta","status":"publish","type":"post","link":"https:\/\/www.insm.es\/blognoticias\/mantener-a-los-jovenes-en-vida-una-urgencia-absoluta\/","title":{"rendered":"Mantener a los j\u00f3venes con vida: una urgencia absoluta"},"content":{"rendered":"\t\t<div data-elementor-type=\"wp-post\" data-elementor-id=\"8233\" class=\"elementor elementor-8233\" data-elementor-settings=\"[]\">\n\t\t\t\t\t\t\t<div class=\"elementor-section-wrap\">\n\t\t\t\t\t\t\t<section class=\"elementor-section elementor-top-section elementor-element elementor-element-3d07ec8 elementor-section-boxed elementor-section-height-default elementor-section-height-default qodef-elementor-content-no\" data-id=\"3d07ec8\" data-element_type=\"section\">\n\t\t\t\t\t\t<div class=\"elementor-container elementor-column-gap-default\">\n\t\t\t\t\t<div class=\"elementor-column elementor-col-100 elementor-top-column elementor-element elementor-element-cc1e6c2\" data-id=\"cc1e6c2\" data-element_type=\"column\">\n\t\t\t<div class=\"elementor-widget-wrap elementor-element-populated\">\n\t\t\t\t\t\t\t\t<div class=\"elementor-element elementor-element-2f8e1f6d elementor-widget elementor-widget-text-editor\" data-id=\"2f8e1f6d\" data-element_type=\"widget\" data-widget_type=\"text-editor.default\">\n\t\t\t\t<div class=\"elementor-widget-container\">\n\t\t\t\t\t\t\t<p><!-- wp:paragraph --><\/p>\n<p><a href=\"https:\/\/insm.es\/\"><b>Solicitar Visita en el INSM<\/b><\/a><\/p>\n<p>Una de las noticias m\u00e1s graves publicadas recientemente y de la que se hicieron eco los <a href=\"https:\/\/cronicaglobal.elespanol.com\/cronica-directo\/curiosidades\/pediatras-alertan-aumento-suicidios-entre-ninos-piden-estrategia-conjunta_597685_102.html\" target=\"_blank\" rel=\"noopener\">principales medios de comunicaci\u00f3n<\/a> es el aumento del \u00edndice de suicidios entre los m\u00e1s j\u00f3venes. <a href=\"https:\/\/www.lavanguardia.com\/vida\/20220126\/8012925\/pediatras-deterioro-salud-mental-ninos-adolescentes-alarmante.html\" target=\"_blank\" rel=\"noopener\">La Sociedad Espa\u00f1ola de Pediatr\u00eda<\/a> emiti\u00f3 un comunicado en el que alertaba del aumento de autolesiones e intentos de suicidio entre ni\u00f1os y adolescentes en Espa\u00f1a. Las cifras son espantosas: el suicidio es la segunda causa de muerte entre los 15 y los 29 a\u00f1os. En el a\u00f1o 2020 casi 4000 personas se quitaron la vida: 300 de ellos eran j\u00f3venes. En el mismo a\u00f1o se suicidaron en Espa\u00f1a 14 ni\u00f1os menores de 15 a\u00f1os, el doble que en los \u00faltimos datos disponibles.<\/p>\n<p><!-- \/wp:paragraph --><!-- wp:paragraph --><\/p>\n<p>Cuando, en el a\u00f1o 2006, se publicaron los resultados del <a href=\"https:\/\/www.educacionyfp.gob.es\/inee\/dam\/jcr:699d43f6-ddcc-4c7e-b7bf-c0e0c288e949\/pisainforme2006.pdf\" target=\"_blank\" rel=\"noopener\">Informe PISA<\/a>, a cargo de la OCDE, qued\u00f3 claro que los pa\u00edses asi\u00e1ticos, entre ellos Jap\u00f3n, encabezaban el ranking de adquisici\u00f3n de competencias b\u00e1sicas en los sistemas escolares de todo el mundo. Sin embargo, Jap\u00f3n es uno de los pa\u00edses con un historial m\u00e1s largo de suicidios en edad escolar. <a href=\"https:\/\/www.abc.es\/sociedad\/abci-tasa-suicidios-entre-ninos-japon-alcanzan-nivel-record-pandemia-202110141444_noticia.html\" target=\"_blank\" rel=\"noopener\">El \u00edndice de suicidio de ni\u00f1os y j\u00f3venes<\/a> fue de 415 ni\u00f1os en el a\u00f1o 2021. Una cifra record durante la pandemia. En los inicios de la d\u00e9cada del 2000, con los datos de aumento del suicidio escolar, el Ministro de Educaci\u00f3n japon\u00e9s escribi\u00f3 una carta a las escuelas de Primaria y Secundaria implorando a los ni\u00f1os y ni\u00f1as que aprendieran y se mantuvieran vivos para el futuro. Este argumento es tremendo: el futuro de un pa\u00eds depende de las ganas de vivir de sus ciudadanos.<\/p>\n<p><!-- \/wp:paragraph --><!-- wp:paragraph --><\/p>\n<p>&nbsp; En Espa\u00f1a, la pandemia ha afectado la <a href=\"https:\/\/www.insm.es\/blognoticias\/bullying-en-la-escuela-conflicto-y-sintomas\/\" target=\"_blank\" rel=\"noopener\">salud mental de los m\u00e1s j\u00f3venes<\/a>. Impedidos en su libertad de movimientos, muchos de ellos encerrados en condiciones familiares y sociales extremadamente dif\u00edciles, estos ni\u00f1os y adolescentes han empezado a entrar en crisis agudas y a realizar pasajes al acto. En nuestra <strong>Red <a href=\"https:\/\/www.insm.es\/especialidad\/salud-mental-infancia-y-adolescencia\" target=\"_blank\" rel=\"noopener\">Servicio de atenci\u00f3n a la infancia<\/a><\/strong> tambi\u00e9n nos encontramos con un incremento significativo de autolesiones&nbsp; e intentos fallidos de suicidio en j\u00f3venes desde el mes noviembre de 2020.<\/p>\n<p>El intento de quitarse la vida es uno de los m\u00e1s graves, porque pone contra las cuerdas al conjunto del sistema de educaci\u00f3n, social y asistencial.<\/p>\n<p><!-- \/wp:paragraph --><!-- wp:paragraph --><\/p>\n<p>&nbsp; La <a href=\"https:\/\/www.aeped.es\/\" target=\"_blank\" rel=\"noopener\">Asociaci\u00f3n Espa\u00f1ola de Pediatr\u00eda <\/a>&nbsp;ha reclamado para el conjunto del Estado un <a href=\"https:\/\/gacetamedica.com\/politica\/pacientes-y-expertos-reclaman-en-el-congreso-un-plan-nacional-de-prevencion-del-suicidio-con-presupuesto-e-indicadores\/\" target=\"_blank\" rel=\"noopener\">Plan Nacional de prevenci\u00f3n del suicidio<\/a>. Esto implica poner en marcha recursos econ\u00f3micos, inversiones en el sistema de salud, m\u00e1s personal.<\/p>\n<p><!-- \/wp:paragraph --><!-- wp:paragraph --><\/p>\n<p>Sin embargo, cuando un sujeto intenta quitarse la vida, algo se moviliza en su propia historia, historia que se pretende cancelar. \u00bfPor qu\u00e9 un ni\u00f1o o un adolescente no solo piensa en morir sino que encuentra una forma concreta y pr\u00e1ctica de hacerlo?<\/p>\n<p><!-- \/wp:paragraph --><!-- wp:paragraph --><\/p>\n<p>Algunos acontecimientos imposibles para la vida del sujeto no pasan por la palabra, quedando enquistados sin v\u00eda de salida factible. En la ausencia de un otro que pueda escuchar el <a href=\"https:\/\/ps.iaeu.net\/course\/view2.php?id=133\" target=\"_blank\" rel=\"noopener\">desaliento de estos ni\u00f1os y adolescentes<\/a> desde la proximidad del o\u00eddo en silencio, sin juzgar moralmente, sin el imperativo de c\u00f3mo deben de ser para cumplir con las expectativas de los adultos, de la sociedad del rendimiento y del agotamiento, estos ni\u00f1os y j\u00f3venes se confrontan con el mutismo de una pared de piedra, sin vuelta atr\u00e1s. Algo m\u00e1s que la desesperaci\u00f3n se apodera de su cuerpo y entonces llegan al acto que no se puede dialectizar:<\/p>\n<p><!-- \/wp:paragraph --><!-- wp:paragraph --><\/p>\n<p style=\"text-align: center;\"><strong><a href=\"https:\/\/ps.iaeu.net\/course\/view2.php?id=186\" target=\"_blank\" rel=\"noopener\">La angustia implacable lleva al intento de quitarse la vida<\/a>.<\/strong><\/p>\n<p><!-- \/wp:paragraph --><!-- wp:paragraph --><\/p>\n<p>M\u00e1s all\u00e1 de la tristeza y del desaliento, el sentimiento de angustia anida en la boca del est\u00f3mago como un sufrimiento que no consigue el dolor f\u00edsico y es en la insistencia de ese sentimiento donde el suicidio aparece como la salida.<\/p>\n<p><!-- \/wp:paragraph --><!-- wp:paragraph --><\/p>\n<p>Los adolescentes, y tambi\u00e9n los ni\u00f1os, pueden alcanzar niveles de angustia tan altos que se prefiere dejar de existir cuando no se puede dejar de sufrir.<\/p>\n<p><!-- \/wp:paragraph --><!-- wp:paragraph --><\/p>\n<p>La proximidad y la acogida atenta y cordial de adultos y amigos es una actitud que puede aliviar la angustia, permitir la palabra, conducir a la elaboraci\u00f3n de lo que genera la angustia y salvar la vida de cada uno, en su contexto educativo, familiar y social. &nbsp;<\/p>\n<p><!-- \/wp:paragraph --><!-- wp:paragraph --><\/p>\n<p>Y es necesario saber que las personas cercanas al suicida necesitan no querer enterarse de la angustia que siente el ni\u00f1o o el adolescente durante bastante tiempo antes del acto suicida, porque un nivel de angustia tan alto es imposible de disimular, cuando el ni\u00f1o deja de seguir jugando, hablando, comiendo. Viviendo.<\/p>\n<p><strong>Equipo INSM<\/strong><\/p>\n<p><!-- \/wp:paragraph --><!-- wp:paragraph --><\/p>\n<p><!-- \/wp:paragraph --><\/p>\t\t\t\t\t\t<\/div>\n\t\t\t\t<\/div>\n\t\t\t\t\t<\/div>\n\t\t<\/div>\n\t\t\t\t\t\t\t<\/div>\n\t\t<\/section>\n\t\t\t\t\t\t<\/div>\n\t\t\t\t\t<\/div>\n\t\t","protected":false},"excerpt":{"rendered":"<p>Aumento de autolesiones e intentos de suicidio entre ni\u00f1os y adolescentes en Espa\u00f1a.<\/p>\n","protected":false},"author":1,"featured_media":8262,"comment_status":"closed","ping_status":"open","sticky":false,"template":"","format":"standard","meta":{"footnotes":""},"categories":[52],"tags":[],"class_list":["post-8233","post","type-post","status-publish","format-standard","has-post-thumbnail","hentry","category-actualidad"],"yoast_head":"<!-- This site is optimized with the Yoast SEO Premium plugin v17.8 (Yoast SEO v17.8) - https:\/\/yoast.com\/wordpress\/plugins\/seo\/ -->\n<title>suicidio de ni\u00f1os y j\u00f3venes<\/title>\n<meta name=\"description\" content=\"Urgencia de mantener vivos a los ni\u00f1os y j\u00f3venes. Suicidio de ni\u00f1os y j\u00f3venes. Autolesiones e intentos de suicidio entre ni\u00f1os y adolescentes\" \/>\n<meta name=\"robots\" content=\"index, follow, max-snippet:-1, max-image-preview:large, max-video-preview:-1\" \/>\n<link rel=\"canonical\" href=\"https:\/\/www.insm.es\/blognoticias\/mantener-a-los-jovenes-en-vida-una-urgencia-absoluta\/\" \/>\n<meta property=\"og:locale\" content=\"es_ES\" \/>\n<meta property=\"og:type\" content=\"article\" \/>\n<meta property=\"og:title\" content=\"Mantener a los j\u00f3venes con vida: una urgencia absoluta\" \/>\n<meta property=\"og:description\" content=\"Urgencia de mantener vivos a los ni\u00f1os y j\u00f3venes. Suicidio de ni\u00f1os y j\u00f3venes. Autolesiones e intentos de suicidio entre ni\u00f1os y adolescentes\" \/>\n<meta property=\"og:url\" content=\"https:\/\/www.insm.es\/blognoticias\/mantener-a-los-jovenes-en-vida-una-urgencia-absoluta\/\" \/>\n<meta property=\"og:site_name\" content=\"INSM Blog\" \/>\n<meta property=\"article:published_time\" content=\"2022-02-09T19:16:04+00:00\" \/>\n<meta property=\"article:modified_time\" content=\"2023-05-31T11:48:07+00:00\" \/>\n<meta property=\"og:image\" content=\"https:\/\/www.insm.es\/blognoticias\/wp-content\/uploads\/2022\/02\/suicidioinnf-scaled.jpg\" \/>\n\t<meta property=\"og:image:width\" content=\"2560\" \/>\n\t<meta property=\"og:image:height\" content=\"2048\" \/>\n<meta name=\"twitter:card\" content=\"summary_large_image\" \/>\n<meta name=\"twitter:label1\" content=\"Escrito por\" \/>\n\t<meta name=\"twitter:data1\" content=\"wordpress\" \/>\n\t<meta name=\"twitter:label2\" content=\"Tiempo de lectura\" \/>\n\t<meta name=\"twitter:data2\" content=\"4 minutos\" \/>\n<script type=\"application\/ld+json\" class=\"yoast-schema-graph\">{\"@context\":\"https:\/\/schema.org\",\"@graph\":[{\"@type\":\"Organization\",\"@id\":\"https:\/\/www.insm.es\/blognoticias\/#organization\",\"name\":\"Instituto de Neurociencias y Salud Mental\",\"url\":\"https:\/\/www.insm.es\/blognoticias\/\",\"sameAs\":[],\"logo\":{\"@type\":\"ImageObject\",\"@id\":\"https:\/\/www.insm.es\/blognoticias\/#logo\",\"inLanguage\":\"es\",\"url\":\"https:\/\/www.insm.es\/blognoticias\/wp-content\/uploads\/2021\/12\/logo-INSM.png\",\"contentUrl\":\"https:\/\/www.insm.es\/blognoticias\/wp-content\/uploads\/2021\/12\/logo-INSM.png\",\"width\":273,\"height\":95,\"caption\":\"Instituto de Neurociencias y Salud Mental\"},\"image\":{\"@id\":\"https:\/\/www.insm.es\/blognoticias\/#logo\"}},{\"@type\":\"WebSite\",\"@id\":\"https:\/\/www.insm.es\/blognoticias\/#website\",\"url\":\"https:\/\/www.insm.es\/blognoticias\/\",\"name\":\"INSM Blog\",\"description\":\"Not\\u00edcias sobre INSM\",\"publisher\":{\"@id\":\"https:\/\/www.insm.es\/blognoticias\/#organization\"},\"potentialAction\":[{\"@type\":\"SearchAction\",\"target\":{\"@type\":\"EntryPoint\",\"urlTemplate\":\"https:\/\/www.insm.es\/blognoticias\/?s={search_term_string}\"},\"query-input\":\"required name=search_term_string\"}],\"inLanguage\":\"es\"},{\"@type\":\"ImageObject\",\"@id\":\"https:\/\/www.insm.es\/blognoticias\/mantener-a-los-jovenes-en-vida-una-urgencia-absoluta\/#primaryimage\",\"inLanguage\":\"es\",\"url\":\"https:\/\/www.insm.es\/blognoticias\/wp-content\/uploads\/2022\/02\/suicidioinnf-scaled.jpg\",\"contentUrl\":\"https:\/\/www.insm.es\/blognoticias\/wp-content\/uploads\/2022\/02\/suicidioinnf-scaled.jpg\",\"width\":2560,\"height\":2048,\"caption\":\"Aumento del \\u00edndice de suicidios entre los m\\u00e1s j\\u00f3venes\"},{\"@type\":\"WebPage\",\"@id\":\"https:\/\/www.insm.es\/blognoticias\/mantener-a-los-jovenes-en-vida-una-urgencia-absoluta\/#webpage\",\"url\":\"https:\/\/www.insm.es\/blognoticias\/mantener-a-los-jovenes-en-vida-una-urgencia-absoluta\/\",\"name\":\"suicidio de ni\\u00f1os y j\\u00f3venes\",\"isPartOf\":{\"@id\":\"https:\/\/www.insm.es\/blognoticias\/#website\"},\"primaryImageOfPage\":{\"@id\":\"https:\/\/www.insm.es\/blognoticias\/mantener-a-los-jovenes-en-vida-una-urgencia-absoluta\/#primaryimage\"},\"datePublished\":\"2022-02-09T19:16:04+00:00\",\"dateModified\":\"2023-05-31T11:48:07+00:00\",\"description\":\"Urgencia de mantener vivos a los ni\\u00f1os y j\\u00f3venes. Suicidio de ni\\u00f1os y j\\u00f3venes. Autolesiones e intentos de suicidio entre ni\\u00f1os y adolescentes\",\"breadcrumb\":{\"@id\":\"https:\/\/www.insm.es\/blognoticias\/mantener-a-los-jovenes-en-vida-una-urgencia-absoluta\/#breadcrumb\"},\"inLanguage\":\"es\",\"potentialAction\":[{\"@type\":\"ReadAction\",\"target\":[\"https:\/\/www.insm.es\/blognoticias\/mantener-a-los-jovenes-en-vida-una-urgencia-absoluta\/\"]}]},{\"@type\":\"BreadcrumbList\",\"@id\":\"https:\/\/www.insm.es\/blognoticias\/mantener-a-los-jovenes-en-vida-una-urgencia-absoluta\/#breadcrumb\",\"itemListElement\":[{\"@type\":\"ListItem\",\"position\":1,\"name\":\"Portada\",\"item\":\"https:\/\/www.insm.es\/blognoticias\/\"},{\"@type\":\"ListItem\",\"position\":2,\"name\":\"Mantener a los j\\u00f3venes con vida: una urgencia absoluta\"}]},{\"@type\":\"Article\",\"@id\":\"https:\/\/www.insm.es\/blognoticias\/mantener-a-los-jovenes-en-vida-una-urgencia-absoluta\/#article\",\"isPartOf\":{\"@id\":\"https:\/\/www.insm.es\/blognoticias\/mantener-a-los-jovenes-en-vida-una-urgencia-absoluta\/#webpage\"},\"author\":{\"@id\":\"https:\/\/www.insm.es\/blognoticias\/#\/schema\/person\/b57a209056d1b9ca17f173929e8a1b38\"},\"headline\":\"Mantener a los j\\u00f3venes con vida: una urgencia absoluta\",\"datePublished\":\"2022-02-09T19:16:04+00:00\",\"dateModified\":\"2023-05-31T11:48:07+00:00\",\"mainEntityOfPage\":{\"@id\":\"https:\/\/www.insm.es\/blognoticias\/mantener-a-los-jovenes-en-vida-una-urgencia-absoluta\/#webpage\"},\"wordCount\":804,\"publisher\":{\"@id\":\"https:\/\/www.insm.es\/blognoticias\/#organization\"},\"image\":{\"@id\":\"https:\/\/www.insm.es\/blognoticias\/mantener-a-los-jovenes-en-vida-una-urgencia-absoluta\/#primaryimage\"},\"thumbnailUrl\":\"https:\/\/www.insm.es\/blognoticias\/wp-content\/uploads\/2022\/02\/suicidioinnf-scaled.jpg\",\"articleSection\":[\"Actualidad\"],\"inLanguage\":\"es\"},{\"@type\":\"Person\",\"@id\":\"https:\/\/www.insm.es\/blognoticias\/#\/schema\/person\/b57a209056d1b9ca17f173929e8a1b38\",\"name\":\"wordpress\",\"image\":{\"@type\":\"ImageObject\",\"@id\":\"https:\/\/www.insm.es\/blognoticias\/#personlogo\",\"inLanguage\":\"es\",\"url\":\"https:\/\/secure.gravatar.com\/avatar\/ff50424bb16df4e94f1e415928de25a10e41cbc9ea3c8befcca38c2bf62bda98?s=96&d=mm&r=g\",\"contentUrl\":\"https:\/\/secure.gravatar.com\/avatar\/ff50424bb16df4e94f1e415928de25a10e41cbc9ea3c8befcca38c2bf62bda98?s=96&d=mm&r=g\",\"caption\":\"wordpress\"},\"sameAs\":[\"https:\/\/www.insm.es\/blognoticias\/\"],\"url\":\"https:\/\/www.insm.es\/blognoticias\/author\/wordpress\/\"}]}<\/script>\n<!-- \/ Yoast SEO Premium plugin. -->","yoast_head_json":{"title":"suicidio de ni\u00f1os y j\u00f3venes","description":"Urgencia de mantener vivos a los ni\u00f1os y j\u00f3venes. Suicidio de ni\u00f1os y j\u00f3venes. Autolesiones e intentos de suicidio entre ni\u00f1os y adolescentes","robots":{"index":"index","follow":"follow","max-snippet":"max-snippet:-1","max-image-preview":"max-image-preview:large","max-video-preview":"max-video-preview:-1"},"canonical":"https:\/\/www.insm.es\/blognoticias\/mantener-a-los-jovenes-en-vida-una-urgencia-absoluta\/","og_locale":"es_ES","og_type":"article","og_title":"Mantener a los j\u00f3venes con vida: una urgencia absoluta","og_description":"Urgencia de mantener vivos a los ni\u00f1os y j\u00f3venes. Suicidio de ni\u00f1os y j\u00f3venes. Autolesiones e intentos de suicidio entre ni\u00f1os y adolescentes","og_url":"https:\/\/www.insm.es\/blognoticias\/mantener-a-los-jovenes-en-vida-una-urgencia-absoluta\/","og_site_name":"INSM Blog","article_published_time":"2022-02-09T19:16:04+00:00","article_modified_time":"2023-05-31T11:48:07+00:00","og_image":[{"width":2560,"height":2048,"url":"https:\/\/www.insm.es\/blognoticias\/wp-content\/uploads\/2022\/02\/suicidioinnf-scaled.jpg","type":"image\/jpeg"}],"twitter_card":"summary_large_image","twitter_misc":{"Escrito por":"wordpress","Tiempo de lectura":"4 minutos"},"schema":{"@context":"https:\/\/schema.org","@graph":[{"@type":"Organization","@id":"https:\/\/www.insm.es\/blognoticias\/#organization","name":"Instituto de Neurociencias y Salud Mental","url":"https:\/\/www.insm.es\/blognoticias\/","sameAs":[],"logo":{"@type":"ImageObject","@id":"https:\/\/www.insm.es\/blognoticias\/#logo","inLanguage":"es","url":"https:\/\/www.insm.es\/blognoticias\/wp-content\/uploads\/2021\/12\/logo-INSM.png","contentUrl":"https:\/\/www.insm.es\/blognoticias\/wp-content\/uploads\/2021\/12\/logo-INSM.png","width":273,"height":95,"caption":"Instituto de Neurociencias y Salud Mental"},"image":{"@id":"https:\/\/www.insm.es\/blognoticias\/#logo"}},{"@type":"WebSite","@id":"https:\/\/www.insm.es\/blognoticias\/#website","url":"https:\/\/www.insm.es\/blognoticias\/","name":"INSM Blog","description":"Not\u00edcias sobre INSM","publisher":{"@id":"https:\/\/www.insm.es\/blognoticias\/#organization"},"potentialAction":[{"@type":"SearchAction","target":{"@type":"EntryPoint","urlTemplate":"https:\/\/www.insm.es\/blognoticias\/?s={search_term_string}"},"query-input":"required name=search_term_string"}],"inLanguage":"es"},{"@type":"ImageObject","@id":"https:\/\/www.insm.es\/blognoticias\/mantener-a-los-jovenes-en-vida-una-urgencia-absoluta\/#primaryimage","inLanguage":"es","url":"https:\/\/www.insm.es\/blognoticias\/wp-content\/uploads\/2022\/02\/suicidioinnf-scaled.jpg","contentUrl":"https:\/\/www.insm.es\/blognoticias\/wp-content\/uploads\/2022\/02\/suicidioinnf-scaled.jpg","width":2560,"height":2048,"caption":"Aumento del \u00edndice de suicidios entre los m\u00e1s j\u00f3venes"},{"@type":"WebPage","@id":"https:\/\/www.insm.es\/blognoticias\/mantener-a-los-jovenes-en-vida-una-urgencia-absoluta\/#webpage","url":"https:\/\/www.insm.es\/blognoticias\/mantener-a-los-jovenes-en-vida-una-urgencia-absoluta\/","name":"suicidio de ni\u00f1os y j\u00f3venes","isPartOf":{"@id":"https:\/\/www.insm.es\/blognoticias\/#website"},"primaryImageOfPage":{"@id":"https:\/\/www.insm.es\/blognoticias\/mantener-a-los-jovenes-en-vida-una-urgencia-absoluta\/#primaryimage"},"datePublished":"2022-02-09T19:16:04+00:00","dateModified":"2023-05-31T11:48:07+00:00","description":"Urgencia de mantener vivos a los ni\u00f1os y j\u00f3venes. Suicidio de ni\u00f1os y j\u00f3venes. Autolesiones e intentos de suicidio entre ni\u00f1os y adolescentes","breadcrumb":{"@id":"https:\/\/www.insm.es\/blognoticias\/mantener-a-los-jovenes-en-vida-una-urgencia-absoluta\/#breadcrumb"},"inLanguage":"es","potentialAction":[{"@type":"ReadAction","target":["https:\/\/www.insm.es\/blognoticias\/mantener-a-los-jovenes-en-vida-una-urgencia-absoluta\/"]}]},{"@type":"BreadcrumbList","@id":"https:\/\/www.insm.es\/blognoticias\/mantener-a-los-jovenes-en-vida-una-urgencia-absoluta\/#breadcrumb","itemListElement":[{"@type":"ListItem","position":1,"name":"Portada","item":"https:\/\/www.insm.es\/blognoticias\/"},{"@type":"ListItem","position":2,"name":"Mantener a los j\u00f3venes con vida: una urgencia absoluta"}]},{"@type":"Article","@id":"https:\/\/www.insm.es\/blognoticias\/mantener-a-los-jovenes-en-vida-una-urgencia-absoluta\/#article","isPartOf":{"@id":"https:\/\/www.insm.es\/blognoticias\/mantener-a-los-jovenes-en-vida-una-urgencia-absoluta\/#webpage"},"author":{"@id":"https:\/\/www.insm.es\/blognoticias\/#\/schema\/person\/b57a209056d1b9ca17f173929e8a1b38"},"headline":"Mantener a los j\u00f3venes con vida: una urgencia absoluta","datePublished":"2022-02-09T19:16:04+00:00","dateModified":"2023-05-31T11:48:07+00:00","mainEntityOfPage":{"@id":"https:\/\/www.insm.es\/blognoticias\/mantener-a-los-jovenes-en-vida-una-urgencia-absoluta\/#webpage"},"wordCount":804,"publisher":{"@id":"https:\/\/www.insm.es\/blognoticias\/#organization"},"image":{"@id":"https:\/\/www.insm.es\/blognoticias\/mantener-a-los-jovenes-en-vida-una-urgencia-absoluta\/#primaryimage"},"thumbnailUrl":"https:\/\/www.insm.es\/blognoticias\/wp-content\/uploads\/2022\/02\/suicidioinnf-scaled.jpg","articleSection":["Actualidad"],"inLanguage":"es"},{"@type":"Person","@id":"https:\/\/www.insm.es\/blognoticias\/#\/schema\/person\/b57a209056d1b9ca17f173929e8a1b38","name":"wordpress","image":{"@type":"ImageObject","@id":"https:\/\/www.insm.es\/blognoticias\/#personlogo","inLanguage":"es","url":"https:\/\/secure.gravatar.com\/avatar\/ff50424bb16df4e94f1e415928de25a10e41cbc9ea3c8befcca38c2bf62bda98?s=96&d=mm&r=g","contentUrl":"https:\/\/secure.gravatar.com\/avatar\/ff50424bb16df4e94f1e415928de25a10e41cbc9ea3c8befcca38c2bf62bda98?s=96&d=mm&r=g","caption":"wordpress"},"sameAs":["https:\/\/www.insm.es\/blognoticias\/"],"url":"https:\/\/www.insm.es\/blognoticias\/author\/wordpress\/"}]}},"_links":{"self":[{"href":"https:\/\/www.insm.es\/blognoticias\/wp-json\/wp\/v2\/posts\/8233","targetHints":{"allow":["GET"]}}],"collection":[{"href":"https:\/\/www.insm.es\/blognoticias\/wp-json\/wp\/v2\/posts"}],"about":[{"href":"https:\/\/www.insm.es\/blognoticias\/wp-json\/wp\/v2\/types\/post"}],"author":[{"embeddable":true,"href":"https:\/\/www.insm.es\/blognoticias\/wp-json\/wp\/v2\/users\/1"}],"replies":[{"embeddable":true,"href":"https:\/\/www.insm.es\/blognoticias\/wp-json\/wp\/v2\/comments?post=8233"}],"version-history":[{"count":56,"href":"https:\/\/www.insm.es\/blognoticias\/wp-json\/wp\/v2\/posts\/8233\/revisions"}],"predecessor-version":[{"id":8796,"href":"https:\/\/www.insm.es\/blognoticias\/wp-json\/wp\/v2\/posts\/8233\/revisions\/8796"}],"wp:featuredmedia":[{"embeddable":true,"href":"https:\/\/www.insm.es\/blognoticias\/wp-json\/wp\/v2\/media\/8262"}],"wp:attachment":[{"href":"https:\/\/www.insm.es\/blognoticias\/wp-json\/wp\/v2\/media?parent=8233"}],"wp:term":[{"taxonomy":"category","embeddable":true,"href":"https:\/\/www.insm.es\/blognoticias\/wp-json\/wp\/v2\/categories?post=8233"},{"taxonomy":"post_tag","embeddable":true,"href":"https:\/\/www.insm.es\/blognoticias\/wp-json\/wp\/v2\/tags?post=8233"}],"curies":[{"name":"wp","href":"https:\/\/api.w.org\/{rel}","templated":true}]}}