{"id":8081,"date":"2022-01-07T15:07:24","date_gmt":"2022-01-07T15:07:24","guid":{"rendered":"https:\/\/www.insm.es\/blognoticias\/?p=8081"},"modified":"2022-01-08T09:25:39","modified_gmt":"2022-01-08T09:25:39","slug":"dificultades-en-o-con-la-escuela","status":"publish","type":"post","link":"https:\/\/www.insm.es\/blognoticias\/dificultades-en-o-con-la-escuela\/","title":{"rendered":"Dificultades en o con la Escuela"},"content":{"rendered":"\t\t<div data-elementor-type=\"wp-post\" data-elementor-id=\"8081\" class=\"elementor elementor-8081\" data-elementor-settings=\"[]\">\n\t\t\t\t\t\t\t<div class=\"elementor-section-wrap\">\n\t\t\t\t\t\t\t<section class=\"elementor-section elementor-top-section elementor-element elementor-element-55c12955 elementor-section-boxed elementor-section-height-default elementor-section-height-default qodef-elementor-content-no\" data-id=\"55c12955\" data-element_type=\"section\">\n\t\t\t\t\t\t<div class=\"elementor-container elementor-column-gap-default\">\n\t\t\t\t\t<div class=\"elementor-column elementor-col-100 elementor-top-column elementor-element elementor-element-325c4f3\" data-id=\"325c4f3\" data-element_type=\"column\">\n\t\t\t<div class=\"elementor-widget-wrap elementor-element-populated\">\n\t\t\t\t\t\t\t\t<div class=\"elementor-element elementor-element-2bedf5ed elementor-widget elementor-widget-text-editor\" data-id=\"2bedf5ed\" data-element_type=\"widget\" data-widget_type=\"text-editor.default\">\n\t\t\t\t<div class=\"elementor-widget-container\">\n\t\t\t\t\t\t\t\t\t\t\t\t\t<\/div>\n\t\t\t\t<\/div>\n\t\t\t\t\t<\/div>\n\t\t<\/div>\n\t\t\t\t\t\t\t<\/div>\n\t\t<\/section>\n\t\t\t\t<section class=\"elementor-section elementor-top-section elementor-element elementor-element-6f77797 elementor-section-boxed elementor-section-height-default elementor-section-height-default qodef-elementor-content-no\" data-id=\"6f77797\" data-element_type=\"section\">\n\t\t\t\t\t\t<div class=\"elementor-container elementor-column-gap-default\">\n\t\t\t\t\t<div class=\"elementor-column elementor-col-100 elementor-top-column elementor-element elementor-element-083c50f\" data-id=\"083c50f\" data-element_type=\"column\">\n\t\t\t<div class=\"elementor-widget-wrap elementor-element-populated\">\n\t\t\t\t\t\t\t\t<div class=\"elementor-element elementor-element-86afabc elementor-widget elementor-widget-text-editor\" data-id=\"86afabc\" data-element_type=\"widget\" data-widget_type=\"text-editor.default\">\n\t\t\t\t<div class=\"elementor-widget-container\">\n\t\t\t\t\t\t\t<p>Actualmente, <a href=\"http:\/\/www.injuve.es\/sites\/default\/files\/estudio-jovenesyfracasoescolar-completo.pdf\" target=\"_blank\" rel=\"noopener\">el porcentaje de j\u00f3venes<\/a> que no terminan la Educaci\u00f3n Secundaria obligatoria y por tanto no prosiguen estudios superiores (<a href=\"https:\/\/www.20minutos.es\/noticia\/4743827\/0\/espana-es-el-segundo-pais-con-mayor-abandono-escolar-de-la-union-europea-y-supera-en-un-60-el-objetivo-de-2020\/\" target=\"_blank\" rel=\"noopener\">abandono escolar temprano<\/a>) es de alrededor de un 17%. <a href=\"https:\/\/ec.europa.eu\/info\/sites\/default\/files\/file_import\/european-semester_thematic-factsheet_early-school-leavers_es.pdf\" target=\"_blank\" rel=\"noopener\">En Europa,<\/a> el nivel de abandono es de un 10-15%. Estos datos num\u00e9ricos permiten subrayar el estado urgencia sobre lo que sucede en los centros educativos.<\/p>\n<p style=\"text-align: center;\"><strong>\u00bfDesde qu\u00e9 perspectiva se puede analizar este problema?<\/strong><\/p>\n<p>&nbsp;En Europa la asistencia a la escuela es obligatoria. El absentismo escolar es reducido. Todos los ni\u00f1os y ni\u00f1as van a la escuela cada d\u00eda, por ley. Sin embargo, no todos ellos establecen con la escuela y con lo que se hace en ella una misma relaci\u00f3n de afecto y pertenencia.<\/p>\n<p>Algunos j\u00f3venes -por ejemplo, con trastorno de autismo- sufren de un exceso de presencia de los otros (pares y maestros). Sufren de ir a la escuela cada d\u00eda. Tampoco entienden el sentido de las actividades de aprendizaje que se llevan a cabo en el aula.<\/p>\n<p>Muchos alumnos est\u00e1n presentes, pero desconectados. Se sientan en la silla que les corresponde, pero no establecen lazos subjetivos con lo que se ense\u00f1a y aprende, ni con los materiales ni con las actividades. Un alumno refiri\u00f3 que pas\u00f3 toda la ESO mirando por la ventana el cielo azul. A veces le castigaban pero, en general, no pudo establecer un contacto con la gente de dentro del aula. Hay ni\u00f1os y ni\u00f1as que, en cambio, tienen una dificultad f\u00edsica evidente, o proceden de contextos socio-culturales demasiado distintos para poder seguir lo que se hace cada d\u00eda, o porque no entienden todav\u00eda el idioma.<\/p>\n<p>Estos j\u00f3venes son clasificados como alumnos con dificultades de aprendizaje. En algunos casos, se les propone asistir a un aula de acogida. En otros, y seg\u00fan las asignaturas, a un aula de atenci\u00f3n a la diversidad o de necesidades educativas especiales. Hay ni\u00f1os y ni\u00f1as que tienen un \u201cvelador\u201d -un profesional que se sienta con ellos en el aula ordinaria para acompa\u00f1arles y darles un apoyo concreto-. En la mayor\u00eda de estos casos es necesario realizar un \u201cPlan Personalizado\u201d de adaptaci\u00f3n curricular.<\/p>\n<p>Todas las medidas que se toman desde el punto de vista organizativo o de gesti\u00f3n escolar son bienvenidas. Sin embargo, hay algo prioritario:<\/p>\n<p style=\"text-align: center;\"><strong>Determinar cu\u00e1l es el problema concreto que produce estas dificultades de aprendizaje a cada ni\u00f1o.<\/strong><\/p>\n<p>A veces, se trata de un problema \u201cen\u201d la escuela, en cuyo caso el centro educativo deber\u00e1 introducir algunos cambios en su forma de hacer las cosas: metodolog\u00edas, materiales, actitudes. Otras veces, el problema est\u00e1 m\u00e1s bien en el alumno \u201ccon\u201d la escuela, en cuyo caso habr\u00e1 que habilitar otras medidas encaminadas a favorecer la confianza del alumno\/a y facilitar su sentimiento de pertenencia a la comunidad escolar, sus lazos con otros.<\/p>\n<p>Cuando se trata de las Dificultades de en o con la Escuela hay que analizar c\u00f3mo se combinan aprendizaje, nivel intelectual, rendimiento acad\u00e9mico, motivaci\u00f3n, nivel sociocultural, <a href=\"https:\/\/www.insm.es\/blognoticias\/psicopatologia-como-usar-los-diagnosticos-en-la-escuela\/\" target=\"_blank\" rel=\"noopener\">estado afectivo, emocional<\/a> y caracter\u00edsticas del entorno educativo.<\/p>\n<p>Pero una vez resueltas las cuestiones generales, que pueden ser muy importantes, <strong>hay que recordar que las Dificultades de Aprendizaje que llevan al abandono escolar se pueden tratar \u00fanicamente caso por caso<\/strong>.<\/p>\n<p>En efecto, no podemos resolver ni tratar por los mismos m\u00e9todos las Dificultades de Aprendizaje, por ejemplo de un alumnado con Trastorno Autista, que casos de <a href=\"https:\/\/www.insm.es\/blognoticias\/bullying-en-la-escuela-conflicto-y-sintomas\/\" target=\"_blank\" rel=\"noopener\">Bullying<\/a>, o de entornos familiares conflictivos.<\/p>\n<p>Algunas de estas cuestiones se trabajan en <a href=\"https:\/\/ps.iaeu.net\/course\/view2.php?id=252&amp;origin=PS\" target=\"_blank\" rel=\"noopener\">Dificultades de Aprendizaje en lengua escrita, oral y matem\u00e1ticas<\/a> Se define el concepto de dificultades de aprendizaje, se aclaran algunos t\u00e9rminos relacionados con \u00e9l, y se identifican las causas generales de las Dificultades de Aprendizaje desde un enfoque multidisciplinar.<\/p>\n<p><strong>Equipo INSM<\/strong><\/p>\t\t\t\t\t\t<\/div>\n\t\t\t\t<\/div>\n\t\t\t\t\t<\/div>\n\t\t<\/div>\n\t\t\t\t\t\t\t<\/div>\n\t\t<\/section>\n\t\t\t\t\t\t<\/div>\n\t\t\t\t\t<\/div>\n\t\t","protected":false},"excerpt":{"rendered":"<p>Actualmente, el porcentaje de j\u00f3venes que no terminan la Educaci\u00f3n Secundaria obligatoria es de alrededor de un 17%. En Europa, el nivel de abandono es de un 10-15%.<\/p>\n","protected":false},"author":1,"featured_media":8088,"comment_status":"closed","ping_status":"open","sticky":false,"template":"","format":"standard","meta":{"footnotes":""},"categories":[48,50,49,1],"tags":[],"class_list":["post-8081","post","type-post","status-publish","format-standard","has-post-thumbnail","hentry","category-mental-health","category-neurociencias","category-salud-mental","category-uncategorized"],"yoast_head":"<!-- This site is optimized with the Yoast SEO Premium plugin v17.8 (Yoast SEO v17.8) - https:\/\/yoast.com\/wordpress\/plugins\/seo\/ -->\n<title>Dificultades en o con la escuela<\/title>\n<meta name=\"description\" content=\"Una vez resuelto lo general, las Dificultades de Aprendizaje que producen Abandono Escolar se pueden tratar \u00fanicamente caso por caso\" \/>\n<meta name=\"robots\" content=\"index, follow, max-snippet:-1, max-image-preview:large, max-video-preview:-1\" \/>\n<link rel=\"canonical\" href=\"https:\/\/www.insm.es\/blognoticias\/dificultades-en-o-con-la-escuela\/\" \/>\n<meta property=\"og:locale\" content=\"es_ES\" \/>\n<meta property=\"og:type\" content=\"article\" \/>\n<meta property=\"og:title\" content=\"Dificultades en o con la Escuela\" \/>\n<meta property=\"og:description\" content=\"Una vez resuelto lo general, las Dificultades de Aprendizaje que producen Abandono Escolar se pueden tratar \u00fanicamente caso por caso\" \/>\n<meta property=\"og:url\" content=\"https:\/\/www.insm.es\/blognoticias\/dificultades-en-o-con-la-escuela\/\" \/>\n<meta property=\"og:site_name\" content=\"INSM Blog\" \/>\n<meta property=\"article:published_time\" content=\"2022-01-07T15:07:24+00:00\" \/>\n<meta property=\"article:modified_time\" content=\"2022-01-08T09:25:39+00:00\" \/>\n<meta property=\"og:image\" content=\"https:\/\/www.insm.es\/blognoticias\/wp-content\/uploads\/2022\/01\/destna.jpeg\" \/>\n\t<meta property=\"og:image:width\" content=\"221\" \/>\n\t<meta property=\"og:image:height\" content=\"228\" \/>\n<meta name=\"twitter:card\" content=\"summary_large_image\" \/>\n<meta name=\"twitter:label1\" content=\"Escrito por\" \/>\n\t<meta name=\"twitter:data1\" content=\"wordpress\" \/>\n\t<meta name=\"twitter:label2\" content=\"Tiempo de lectura\" \/>\n\t<meta name=\"twitter:data2\" content=\"3 minutos\" \/>\n<script type=\"application\/ld+json\" class=\"yoast-schema-graph\">{\"@context\":\"https:\/\/schema.org\",\"@graph\":[{\"@type\":\"Organization\",\"@id\":\"https:\/\/www.insm.es\/blognoticias\/#organization\",\"name\":\"Instituto de Neurociencias y Salud Mental\",\"url\":\"https:\/\/www.insm.es\/blognoticias\/\",\"sameAs\":[],\"logo\":{\"@type\":\"ImageObject\",\"@id\":\"https:\/\/www.insm.es\/blognoticias\/#logo\",\"inLanguage\":\"es\",\"url\":\"https:\/\/www.insm.es\/blognoticias\/wp-content\/uploads\/2021\/12\/logo-INSM.png\",\"contentUrl\":\"https:\/\/www.insm.es\/blognoticias\/wp-content\/uploads\/2021\/12\/logo-INSM.png\",\"width\":273,\"height\":95,\"caption\":\"Instituto de Neurociencias y Salud Mental\"},\"image\":{\"@id\":\"https:\/\/www.insm.es\/blognoticias\/#logo\"}},{\"@type\":\"WebSite\",\"@id\":\"https:\/\/www.insm.es\/blognoticias\/#website\",\"url\":\"https:\/\/www.insm.es\/blognoticias\/\",\"name\":\"INSM Blog\",\"description\":\"Not\\u00edcias sobre INSM\",\"publisher\":{\"@id\":\"https:\/\/www.insm.es\/blognoticias\/#organization\"},\"potentialAction\":[{\"@type\":\"SearchAction\",\"target\":{\"@type\":\"EntryPoint\",\"urlTemplate\":\"https:\/\/www.insm.es\/blognoticias\/?s={search_term_string}\"},\"query-input\":\"required name=search_term_string\"}],\"inLanguage\":\"es\"},{\"@type\":\"ImageObject\",\"@id\":\"https:\/\/www.insm.es\/blognoticias\/dificultades-en-o-con-la-escuela\/#primaryimage\",\"inLanguage\":\"es\",\"url\":\"https:\/\/www.insm.es\/blognoticias\/wp-content\/uploads\/2022\/01\/destna.jpeg\",\"contentUrl\":\"https:\/\/www.insm.es\/blognoticias\/wp-content\/uploads\/2022\/01\/destna.jpeg\",\"width\":221,\"height\":228},{\"@type\":\"WebPage\",\"@id\":\"https:\/\/www.insm.es\/blognoticias\/dificultades-en-o-con-la-escuela\/#webpage\",\"url\":\"https:\/\/www.insm.es\/blognoticias\/dificultades-en-o-con-la-escuela\/\",\"name\":\"Dificultades en o con la escuela\",\"isPartOf\":{\"@id\":\"https:\/\/www.insm.es\/blognoticias\/#website\"},\"primaryImageOfPage\":{\"@id\":\"https:\/\/www.insm.es\/blognoticias\/dificultades-en-o-con-la-escuela\/#primaryimage\"},\"datePublished\":\"2022-01-07T15:07:24+00:00\",\"dateModified\":\"2022-01-08T09:25:39+00:00\",\"description\":\"Una vez resuelto lo general, las Dificultades de Aprendizaje que producen Abandono Escolar se pueden tratar \\u00fanicamente caso por caso\",\"breadcrumb\":{\"@id\":\"https:\/\/www.insm.es\/blognoticias\/dificultades-en-o-con-la-escuela\/#breadcrumb\"},\"inLanguage\":\"es\",\"potentialAction\":[{\"@type\":\"ReadAction\",\"target\":[\"https:\/\/www.insm.es\/blognoticias\/dificultades-en-o-con-la-escuela\/\"]}]},{\"@type\":\"BreadcrumbList\",\"@id\":\"https:\/\/www.insm.es\/blognoticias\/dificultades-en-o-con-la-escuela\/#breadcrumb\",\"itemListElement\":[{\"@type\":\"ListItem\",\"position\":1,\"name\":\"Portada\",\"item\":\"https:\/\/www.insm.es\/blognoticias\/\"},{\"@type\":\"ListItem\",\"position\":2,\"name\":\"Dificultades en o con la Escuela\"}]},{\"@type\":\"Article\",\"@id\":\"https:\/\/www.insm.es\/blognoticias\/dificultades-en-o-con-la-escuela\/#article\",\"isPartOf\":{\"@id\":\"https:\/\/www.insm.es\/blognoticias\/dificultades-en-o-con-la-escuela\/#webpage\"},\"author\":{\"@id\":\"https:\/\/www.insm.es\/blognoticias\/#\/schema\/person\/b57a209056d1b9ca17f173929e8a1b38\"},\"headline\":\"Dificultades en o con la Escuela\",\"datePublished\":\"2022-01-07T15:07:24+00:00\",\"dateModified\":\"2022-01-08T09:25:39+00:00\",\"mainEntityOfPage\":{\"@id\":\"https:\/\/www.insm.es\/blognoticias\/dificultades-en-o-con-la-escuela\/#webpage\"},\"wordCount\":642,\"publisher\":{\"@id\":\"https:\/\/www.insm.es\/blognoticias\/#organization\"},\"image\":{\"@id\":\"https:\/\/www.insm.es\/blognoticias\/dificultades-en-o-con-la-escuela\/#primaryimage\"},\"thumbnailUrl\":\"https:\/\/www.insm.es\/blognoticias\/wp-content\/uploads\/2022\/01\/destna.jpeg\",\"articleSection\":[\"Mental Health\",\"Neurociencias\",\"Salud Mental\",\"Uncategorized\"],\"inLanguage\":\"es\"},{\"@type\":\"Person\",\"@id\":\"https:\/\/www.insm.es\/blognoticias\/#\/schema\/person\/b57a209056d1b9ca17f173929e8a1b38\",\"name\":\"wordpress\",\"image\":{\"@type\":\"ImageObject\",\"@id\":\"https:\/\/www.insm.es\/blognoticias\/#personlogo\",\"inLanguage\":\"es\",\"url\":\"https:\/\/secure.gravatar.com\/avatar\/ff50424bb16df4e94f1e415928de25a10e41cbc9ea3c8befcca38c2bf62bda98?s=96&d=mm&r=g\",\"contentUrl\":\"https:\/\/secure.gravatar.com\/avatar\/ff50424bb16df4e94f1e415928de25a10e41cbc9ea3c8befcca38c2bf62bda98?s=96&d=mm&r=g\",\"caption\":\"wordpress\"},\"sameAs\":[\"https:\/\/www.insm.es\/blognoticias\/\"],\"url\":\"https:\/\/www.insm.es\/blognoticias\/author\/wordpress\/\"}]}<\/script>\n<!-- \/ Yoast SEO Premium plugin. -->","yoast_head_json":{"title":"Dificultades en o con la escuela","description":"Una vez resuelto lo general, las Dificultades de Aprendizaje que producen Abandono Escolar se pueden tratar \u00fanicamente caso por caso","robots":{"index":"index","follow":"follow","max-snippet":"max-snippet:-1","max-image-preview":"max-image-preview:large","max-video-preview":"max-video-preview:-1"},"canonical":"https:\/\/www.insm.es\/blognoticias\/dificultades-en-o-con-la-escuela\/","og_locale":"es_ES","og_type":"article","og_title":"Dificultades en o con la Escuela","og_description":"Una vez resuelto lo general, las Dificultades de Aprendizaje que producen Abandono Escolar se pueden tratar \u00fanicamente caso por caso","og_url":"https:\/\/www.insm.es\/blognoticias\/dificultades-en-o-con-la-escuela\/","og_site_name":"INSM Blog","article_published_time":"2022-01-07T15:07:24+00:00","article_modified_time":"2022-01-08T09:25:39+00:00","og_image":[{"width":221,"height":228,"url":"https:\/\/www.insm.es\/blognoticias\/wp-content\/uploads\/2022\/01\/destna.jpeg","type":"image\/jpeg"}],"twitter_card":"summary_large_image","twitter_misc":{"Escrito por":"wordpress","Tiempo de lectura":"3 minutos"},"schema":{"@context":"https:\/\/schema.org","@graph":[{"@type":"Organization","@id":"https:\/\/www.insm.es\/blognoticias\/#organization","name":"Instituto de Neurociencias y Salud Mental","url":"https:\/\/www.insm.es\/blognoticias\/","sameAs":[],"logo":{"@type":"ImageObject","@id":"https:\/\/www.insm.es\/blognoticias\/#logo","inLanguage":"es","url":"https:\/\/www.insm.es\/blognoticias\/wp-content\/uploads\/2021\/12\/logo-INSM.png","contentUrl":"https:\/\/www.insm.es\/blognoticias\/wp-content\/uploads\/2021\/12\/logo-INSM.png","width":273,"height":95,"caption":"Instituto de Neurociencias y Salud Mental"},"image":{"@id":"https:\/\/www.insm.es\/blognoticias\/#logo"}},{"@type":"WebSite","@id":"https:\/\/www.insm.es\/blognoticias\/#website","url":"https:\/\/www.insm.es\/blognoticias\/","name":"INSM Blog","description":"Not\u00edcias sobre INSM","publisher":{"@id":"https:\/\/www.insm.es\/blognoticias\/#organization"},"potentialAction":[{"@type":"SearchAction","target":{"@type":"EntryPoint","urlTemplate":"https:\/\/www.insm.es\/blognoticias\/?s={search_term_string}"},"query-input":"required name=search_term_string"}],"inLanguage":"es"},{"@type":"ImageObject","@id":"https:\/\/www.insm.es\/blognoticias\/dificultades-en-o-con-la-escuela\/#primaryimage","inLanguage":"es","url":"https:\/\/www.insm.es\/blognoticias\/wp-content\/uploads\/2022\/01\/destna.jpeg","contentUrl":"https:\/\/www.insm.es\/blognoticias\/wp-content\/uploads\/2022\/01\/destna.jpeg","width":221,"height":228},{"@type":"WebPage","@id":"https:\/\/www.insm.es\/blognoticias\/dificultades-en-o-con-la-escuela\/#webpage","url":"https:\/\/www.insm.es\/blognoticias\/dificultades-en-o-con-la-escuela\/","name":"Dificultades en o con la escuela","isPartOf":{"@id":"https:\/\/www.insm.es\/blognoticias\/#website"},"primaryImageOfPage":{"@id":"https:\/\/www.insm.es\/blognoticias\/dificultades-en-o-con-la-escuela\/#primaryimage"},"datePublished":"2022-01-07T15:07:24+00:00","dateModified":"2022-01-08T09:25:39+00:00","description":"Una vez resuelto lo general, las Dificultades de Aprendizaje que producen Abandono Escolar se pueden tratar \u00fanicamente caso por caso","breadcrumb":{"@id":"https:\/\/www.insm.es\/blognoticias\/dificultades-en-o-con-la-escuela\/#breadcrumb"},"inLanguage":"es","potentialAction":[{"@type":"ReadAction","target":["https:\/\/www.insm.es\/blognoticias\/dificultades-en-o-con-la-escuela\/"]}]},{"@type":"BreadcrumbList","@id":"https:\/\/www.insm.es\/blognoticias\/dificultades-en-o-con-la-escuela\/#breadcrumb","itemListElement":[{"@type":"ListItem","position":1,"name":"Portada","item":"https:\/\/www.insm.es\/blognoticias\/"},{"@type":"ListItem","position":2,"name":"Dificultades en o con la Escuela"}]},{"@type":"Article","@id":"https:\/\/www.insm.es\/blognoticias\/dificultades-en-o-con-la-escuela\/#article","isPartOf":{"@id":"https:\/\/www.insm.es\/blognoticias\/dificultades-en-o-con-la-escuela\/#webpage"},"author":{"@id":"https:\/\/www.insm.es\/blognoticias\/#\/schema\/person\/b57a209056d1b9ca17f173929e8a1b38"},"headline":"Dificultades en o con la Escuela","datePublished":"2022-01-07T15:07:24+00:00","dateModified":"2022-01-08T09:25:39+00:00","mainEntityOfPage":{"@id":"https:\/\/www.insm.es\/blognoticias\/dificultades-en-o-con-la-escuela\/#webpage"},"wordCount":642,"publisher":{"@id":"https:\/\/www.insm.es\/blognoticias\/#organization"},"image":{"@id":"https:\/\/www.insm.es\/blognoticias\/dificultades-en-o-con-la-escuela\/#primaryimage"},"thumbnailUrl":"https:\/\/www.insm.es\/blognoticias\/wp-content\/uploads\/2022\/01\/destna.jpeg","articleSection":["Mental Health","Neurociencias","Salud Mental","Uncategorized"],"inLanguage":"es"},{"@type":"Person","@id":"https:\/\/www.insm.es\/blognoticias\/#\/schema\/person\/b57a209056d1b9ca17f173929e8a1b38","name":"wordpress","image":{"@type":"ImageObject","@id":"https:\/\/www.insm.es\/blognoticias\/#personlogo","inLanguage":"es","url":"https:\/\/secure.gravatar.com\/avatar\/ff50424bb16df4e94f1e415928de25a10e41cbc9ea3c8befcca38c2bf62bda98?s=96&d=mm&r=g","contentUrl":"https:\/\/secure.gravatar.com\/avatar\/ff50424bb16df4e94f1e415928de25a10e41cbc9ea3c8befcca38c2bf62bda98?s=96&d=mm&r=g","caption":"wordpress"},"sameAs":["https:\/\/www.insm.es\/blognoticias\/"],"url":"https:\/\/www.insm.es\/blognoticias\/author\/wordpress\/"}]}},"_links":{"self":[{"href":"https:\/\/www.insm.es\/blognoticias\/wp-json\/wp\/v2\/posts\/8081","targetHints":{"allow":["GET"]}}],"collection":[{"href":"https:\/\/www.insm.es\/blognoticias\/wp-json\/wp\/v2\/posts"}],"about":[{"href":"https:\/\/www.insm.es\/blognoticias\/wp-json\/wp\/v2\/types\/post"}],"author":[{"embeddable":true,"href":"https:\/\/www.insm.es\/blognoticias\/wp-json\/wp\/v2\/users\/1"}],"replies":[{"embeddable":true,"href":"https:\/\/www.insm.es\/blognoticias\/wp-json\/wp\/v2\/comments?post=8081"}],"version-history":[{"count":28,"href":"https:\/\/www.insm.es\/blognoticias\/wp-json\/wp\/v2\/posts\/8081\/revisions"}],"predecessor-version":[{"id":8786,"href":"https:\/\/www.insm.es\/blognoticias\/wp-json\/wp\/v2\/posts\/8081\/revisions\/8786"}],"wp:featuredmedia":[{"embeddable":true,"href":"https:\/\/www.insm.es\/blognoticias\/wp-json\/wp\/v2\/media\/8088"}],"wp:attachment":[{"href":"https:\/\/www.insm.es\/blognoticias\/wp-json\/wp\/v2\/media?parent=8081"}],"wp:term":[{"taxonomy":"category","embeddable":true,"href":"https:\/\/www.insm.es\/blognoticias\/wp-json\/wp\/v2\/categories?post=8081"},{"taxonomy":"post_tag","embeddable":true,"href":"https:\/\/www.insm.es\/blognoticias\/wp-json\/wp\/v2\/tags?post=8081"}],"curies":[{"name":"wp","href":"https:\/\/api.w.org\/{rel}","templated":true}]}}