{"id":7792,"date":"2021-12-17T10:28:09","date_gmt":"2021-12-17T10:28:09","guid":{"rendered":"https:\/\/www.insm.es\/blognoticias\/?p=7792"},"modified":"2021-12-28T11:02:41","modified_gmt":"2021-12-28T11:02:41","slug":"psicopatologia-como-usar-los-diagnosticos-en-la-escuela","status":"publish","type":"post","link":"https:\/\/www.insm.es\/blognoticias\/psicopatologia-como-usar-los-diagnosticos-en-la-escuela\/","title":{"rendered":"Psicopatolog\u00eda \u00bfC\u00f3mo usar los diagn\u00f3sticos en la escuela?"},"content":{"rendered":"\t\t<div data-elementor-type=\"wp-post\" data-elementor-id=\"7792\" class=\"elementor elementor-7792\" data-elementor-settings=\"[]\">\n\t\t\t\t\t\t\t<div class=\"elementor-section-wrap\">\n\t\t\t\t\t\t\t<section class=\"elementor-section elementor-top-section elementor-element elementor-element-212cc28 elementor-section-boxed elementor-section-height-default elementor-section-height-default qodef-elementor-content-no\" data-id=\"212cc28\" data-element_type=\"section\">\n\t\t\t\t\t\t<div class=\"elementor-container elementor-column-gap-default\">\n\t\t\t\t\t<div class=\"elementor-column elementor-col-100 elementor-top-column elementor-element elementor-element-f5a65ad\" data-id=\"f5a65ad\" data-element_type=\"column\">\n\t\t\t<div class=\"elementor-widget-wrap elementor-element-populated\">\n\t\t\t\t\t\t\t\t<div class=\"elementor-element elementor-element-781df95 elementor-widget elementor-widget-text-editor\" data-id=\"781df95\" data-element_type=\"widget\" data-widget_type=\"text-editor.default\">\n\t\t\t\t<div class=\"elementor-widget-container\">\n\t\t\t\t\t\t\t<p style=\"text-align: center;\"><strong>Uso del Diagn\u00f3stico Psicopatol\u00f3gico en la escuela<\/strong><\/p><p>La proliferaci\u00f3n de diagn\u00f3sticos psicopatol\u00f3gicos (<a href=\"https:\/\/ps.iaeu.net\/course\/view.php?id=34\" target=\"_blank\" rel=\"noopener\">hiperactividad<\/a> y trastorno de espectro autista especialmente) en poblaci\u00f3n en edad escolar es una cuesti\u00f3n compleja hoy. A partir de la d\u00e9cada de los noventa, algunos autores americanos empezaron a cuestionar los efectos sociales del uso y circulaci\u00f3n del diagn\u00f3stico en la escuela. Por ejemplo, <a href=\"https:\/\/files.eric.ed.gov\/fulltext\/ED393259.pdf\" target=\"_blank\" rel=\"noopener\">Kuther, T.L. (1994<\/a>); <a href=\"https:\/\/journals.sagepub.com\/doi\/abs\/10.1177\/10634266020100040201\" target=\"_blank\" rel=\"noopener\">Abidin,R.; Robinson, L. (2002),<\/a> o el sugerente art\u00edculo de <a href=\"https:\/\/pubmed.ncbi.nlm.nih.gov\/10749390\/\" target=\"_blank\" rel=\"noopener\">H. Klasen (2000)<\/a> sobre la hiperactividad.<\/p><p>A menudo, los procedimientos para alcanzar un<a href=\"https:\/\/ps.iaeu.net\/course\/view.php?id=134\" target=\"_blank\" rel=\"noopener\"> diagn\u00f3stico<\/a> -no nos referimos a los \u201cinstrumentos de diagn\u00f3stico\u201d, como por ejemplo las pruebas, los tests, etc., sino a la dimensi\u00f3n social de su uso, los efectos de las denominaciones tipo \u201cni\u00f1os hiperactivos, con fobia escolar, etc.\u201d- podr\u00edan constituir claramente una fuente de clasificaci\u00f3n y discriminaci\u00f3n a lo largo del per\u00edodo de escolarizaci\u00f3n\u00a0 de ni\u00f1os y j\u00f3venes, como si la dificultad fuera un componente de la identidad de cada ni\u00f1o, una categor\u00eda predominante para definer su trayectoria escolar.<\/p><p>Este enfoque del problema, en lugar de solventarlo, tiende a acentuarlo o consolidarlo. Es necesario analizar los factores que determinan determinada pr\u00e1cticas de \u201cclasificaci\u00f3n de la diversidad\u201d para poder implicar a los profesionales de la educaci\u00f3n y a las familias en un compromiso compartido contra la desigualdad educativa: un nuevo pacto social que no otorgue al saber del experto un poder que no le corresponde.<\/p><p>En un texto clave de Sociolog\u00eda de la Educaci\u00f3n, <a href=\"https:\/\/www.amazon.es\/gp\/product\/2843030625\/ref=dbs_a_def_rwt_hsch_vapi_taft_p1_i11\">Jean-Pierre Terrail<\/a> se\u00f1al\u00f3 que es\u00a0 necesario poner al d\u00eda el problema de la desigualdad en la escuela, desde los estudios ya cl\u00e1sicos de <a href=\"https:\/\/www.amazon.es\/Reproducci%C3%B3n-Elementos-Teor%C3%ADa-Sistema-Ense%C3%B1anza\/dp\/8478842217\/ref=sr_1_1?__mk_es_ES=%C3%85M%C3%85%C5%BD%C3%95%C3%91&amp;keywords=Bourdieu+y+Passeron&amp;qid=1639652353&amp;sr=8-1\">Bourdieu y Passeron<\/a> en los a\u00f1os setenta. \u201cActualmente\u201d-asevera Terrail- \u201csiendo la escuela la misma para todos, la desigualdad escolar se define por los itinerarios que se trazan en ella.\u201d<\/p><p>Los itinerarios escolares son el resultado del conjunto de decisiones que se toman desde dentro de la escuela para \u201cclasificar\u201d y \u201cdeterminar\u201d las competencias, habilidades y resultados obtenidos por los alumnos. A pesar de los \u00e9xitos de la escuela comprensiva en la integraci\u00f3n escolar de ni\u00f1os procedentes de clases sociales desfavorecidas, actualmente podemos comprobar que el sistema escolar, por medio de determinados funcionamientos de divisi\u00f3n y evaluaci\u00f3n de los resultados- y tambi\u00e9n, de manera indirecta, de la evaluaci\u00f3n de la trayectoria familiar y social de los ni\u00f1os-, consolida las desigualdades que hace unos a\u00f1os pretend\u00eda compensar con una mayor democratizaci\u00f3n del acceso para todos y todas.<\/p><p>Por lo tanto, una de las l\u00edneas de trabajo fundamentales para explorar este asunto de las desigualdades en el interior de la escuela de hoy es definir qu\u00e9 tipo de decisiones se toman en el trazado del itinerario escolar de cada ni\u00f1o y cu\u00e1les son sus efectos en la promoci\u00f3n (o en el fracaso, seg\u00fan el uso que se haga de ello y c\u00f3mo se tomen las decisiones, por medio de qu\u00e9 argumentos).<\/p><p>Mientras que, hace unos a\u00f1os, los procesos de selecci\u00f3n escolar (y social) depend\u00edan del acceso o exclusi\u00f3n al sistema escolar (quedar dentro o fuera de la escuela), actualmente la exclusi\u00f3n escolar (y social) depende de c\u00f3mo funcionan, en el seno mismo de la escuela, dos mecanismos diferenciados que Terrail denomina:<\/p><ol><li>la <u>selecci\u00f3n<\/u>, cuyos instrumentos ser\u00edan el diagn\u00f3stico (psicometr\u00eda) y las evaluaciones (pedag\u00f3gicas pero tambi\u00e9n psicopatol\u00f3gicas)<\/li><li><u>los itinerarios, <\/u>recorridos establecidos desde dentro de la escuela, a medio camino entre los resultados de aprendizaje, las evaluaciones psicom\u00e9tricas, la historia familiar y el origen social de los alumnos. Estos itinerarios son el resultado de la selecci\u00f3n que se hace desde dentro de la escuela,\u00a0 y no obedecen \u00fanicamente a criterios instructivos (aprobar o suspender) sino, con frecuencia y lamentablemente cada vez m\u00e1s a menudo, a cuestiones extra-acad\u00e9micas como los diagn\u00f3sticos psicopatol\u00f3gicos por ejemplo (este es un caso muy claro en los diagn\u00f3sticos de hiperactividad), que ser\u00edan una f\u00f3rmula individualista de entender cu\u00e1l es el problema del ni\u00f1o en la escuela, a la vez que una opci\u00f3n\u00a0 muy eficaz para etiquetar cada caso, es decir registrarlo y utilizarlo como condicionante para anticipar futuros resultados escolares.<\/li><\/ol><p>Si el escenario actual de la desigualdad escolar tiene relaci\u00f3n con el recorrido que hacen los alumnos dentro del centro seg\u00fan cuando, qui\u00e9n y c\u00f3mo se hayan tomado las decisiones que han marcado su hoja de ruta, resulta imprescindible conocer las razones y los argumentos de base para estas decisiones que se toman desde dentro de la escuela; estudiar los itinerarios que hacen los alumnos para prevenir tanto el etiquetaje como la discriminaci\u00f3n.<\/p><p>Uso del Diagn\u00f3stico Psicopatol\u00f3gico en la escuela<\/p><p>En un sistema escolar basado en la selecci\u00f3n y la evaluaci\u00f3n individual de los ni\u00f1os, convertir la diferencia en un trastorno constituye un riesgo elevado. Por otro lado si (parad\u00f3jicamente) la desigualdad en la escuela es el resultado de c\u00f3mo el sistema escolar \u201cclasifica\u201d a los ni\u00f1os, atribuyendo problemas de aprendizaje o de comportamiento a un origen estrictamente individual (Terrail dir\u00eda una \u201cmala distribuci\u00f3n de recursos intelectuales o sociales\u201d), ello hace que la sociedad pueda, en cierta medida,\u00a0 desresponsabilizarse del problema de la desigualdad, no hacienda falta preguntarse c\u00f3mo ha participado a que esto sea as\u00ed o ni siquiera si ser\u00eda posible cambiarlo.<\/p><p>Parece que habr\u00eda entonces, en ese caso, una relaci\u00f3n entre la desigualdad escolar, basada en un sistema de selecci\u00f3n, y una atribuci\u00f3n individualista de los problemas sociales. Si prevenir significa intervenir en el contexto, de una manera amplia, teniendo en cuenta los aspectos sociales del problema que se manifiesta en las relaciones entre personas en el seno de la comunidad escolar, la propuesta de \u201cdetectar y diagnosticar correctamente estos trastornos\u2026\u201d implicar\u00eda sustituir la prevenci\u00f3n por la clasificaci\u00f3n. Este tema se desarrolla ampliamente en el <a href=\"https:\/\/ps.iaeu.net\/course\/view2.php?id=136\" target=\"_blank\" rel=\"noopener\">Itinerarios Escolares y Desigualdad Educativa: el problema de los diagn\u00f3sticos psicopatol\u00f3gicos<\/a><\/p><p><a href=\"https:\/\/www.insm.es\/especialidad\/salud-mental-infancia-y-adolescencia\" target=\"_blank\" rel=\"noopener\">\u00bfQu\u00e9 hacer?<\/a> \u00bfC\u00f3mo usar los diagn\u00f3sticos en la escuela? Hay que considerarlos como una referencia, pero no como una variable de pron\u00f3stico sobre el rendimiento escolar. Al contrario, introducir todos los recursos necesarios, a nivel did\u00e1ctico y de dise\u00f1o de materiales, para que el rendimiento escolar no se vea afectado. El apoyo entre los miembros del equipo docente y una buena comunicaci\u00f3n con las familias es fundamental.<\/p><p><a href=\"https:\/\/www.insm.es\/especialidad\/orientacion-vocacional-y-educativa-personalizada\" target=\"_blank\" rel=\"noopener\"><em>Anna Pag\u00e9s<\/em><\/a>, Universidad Ram\u00f3n LLull<\/p><p>INSM<\/p>\t\t\t\t\t\t<\/div>\n\t\t\t\t<\/div>\n\t\t\t\t\t<\/div>\n\t\t<\/div>\n\t\t\t\t\t\t\t<\/div>\n\t\t<\/section>\n\t\t\t\t\t\t<\/div>\n\t\t\t\t\t<\/div>\n\t\t","protected":false},"excerpt":{"rendered":"<p>La proliferaci\u00f3n de diagn\u00f3sticos psicopatol\u00f3gicos (hiperactividad y trastorno de espectro autista especialmente) en poblaci\u00f3n en edad escolar es una cuesti\u00f3n compleja hoy.<\/p>\n","protected":false},"author":1,"featured_media":7780,"comment_status":"closed","ping_status":"open","sticky":false,"template":"","format":"standard","meta":{"footnotes":""},"categories":[1],"tags":[],"class_list":["post-7792","post","type-post","status-publish","format-standard","has-post-thumbnail","hentry","category-uncategorized"],"yoast_head":"<!-- This site is optimized with the Yoast SEO Premium plugin v17.8 (Yoast SEO v17.8) - https:\/\/yoast.com\/wordpress\/plugins\/seo\/ -->\n<title>Uso del Diagn\u00f3stico Psicopatol\u00f3gico en la escuela<\/title>\n<meta name=\"description\" content=\"Uso del Diagn\u00f3stico Psicopatol\u00f3gico en la escuela. La proliferaci\u00f3n de diagn\u00f3sticos psicopatol\u00f3gicos en poblaci\u00f3n en edad escolar es una cuesti\u00f3n compleja hoy.\" \/>\n<meta name=\"robots\" content=\"index, follow, max-snippet:-1, max-image-preview:large, max-video-preview:-1\" \/>\n<link rel=\"canonical\" href=\"https:\/\/www.insm.es\/blognoticias\/psicopatologia-como-usar-los-diagnosticos-en-la-escuela\/\" \/>\n<meta property=\"og:locale\" content=\"es_ES\" \/>\n<meta property=\"og:type\" content=\"article\" \/>\n<meta property=\"og:title\" content=\"Psicopatolog\u00eda \u00bfC\u00f3mo usar los diagn\u00f3sticos en la escuela?\" \/>\n<meta property=\"og:description\" content=\"Uso del Diagn\u00f3stico Psicopatol\u00f3gico en la escuela. La proliferaci\u00f3n de diagn\u00f3sticos psicopatol\u00f3gicos en poblaci\u00f3n en edad escolar es una cuesti\u00f3n compleja hoy.\" \/>\n<meta property=\"og:url\" content=\"https:\/\/www.insm.es\/blognoticias\/psicopatologia-como-usar-los-diagnosticos-en-la-escuela\/\" \/>\n<meta property=\"og:site_name\" content=\"INSM Blog\" \/>\n<meta property=\"article:published_time\" content=\"2021-12-17T10:28:09+00:00\" \/>\n<meta property=\"article:modified_time\" content=\"2021-12-28T11:02:41+00:00\" \/>\n<meta property=\"og:image\" content=\"https:\/\/www.insm.es\/blognoticias\/wp-content\/uploads\/2021\/12\/post-infancia.jpg\" \/>\n\t<meta property=\"og:image:width\" content=\"282\" \/>\n\t<meta property=\"og:image:height\" content=\"425\" \/>\n<meta name=\"twitter:card\" content=\"summary_large_image\" \/>\n<meta name=\"twitter:label1\" content=\"Escrito por\" \/>\n\t<meta name=\"twitter:data1\" content=\"wordpress\" \/>\n\t<meta name=\"twitter:label2\" content=\"Tiempo de lectura\" \/>\n\t<meta name=\"twitter:data2\" content=\"5 minutos\" \/>\n<script type=\"application\/ld+json\" class=\"yoast-schema-graph\">{\"@context\":\"https:\/\/schema.org\",\"@graph\":[{\"@type\":\"Organization\",\"@id\":\"https:\/\/www.insm.es\/blognoticias\/#organization\",\"name\":\"Instituto de Neurociencias y Salud Mental\",\"url\":\"https:\/\/www.insm.es\/blognoticias\/\",\"sameAs\":[],\"logo\":{\"@type\":\"ImageObject\",\"@id\":\"https:\/\/www.insm.es\/blognoticias\/#logo\",\"inLanguage\":\"es\",\"url\":\"https:\/\/www.insm.es\/blognoticias\/wp-content\/uploads\/2021\/12\/logo-INSM.png\",\"contentUrl\":\"https:\/\/www.insm.es\/blognoticias\/wp-content\/uploads\/2021\/12\/logo-INSM.png\",\"width\":273,\"height\":95,\"caption\":\"Instituto de Neurociencias y Salud Mental\"},\"image\":{\"@id\":\"https:\/\/www.insm.es\/blognoticias\/#logo\"}},{\"@type\":\"WebSite\",\"@id\":\"https:\/\/www.insm.es\/blognoticias\/#website\",\"url\":\"https:\/\/www.insm.es\/blognoticias\/\",\"name\":\"INSM Blog\",\"description\":\"Not\\u00edcias sobre INSM\",\"publisher\":{\"@id\":\"https:\/\/www.insm.es\/blognoticias\/#organization\"},\"potentialAction\":[{\"@type\":\"SearchAction\",\"target\":{\"@type\":\"EntryPoint\",\"urlTemplate\":\"https:\/\/www.insm.es\/blognoticias\/?s={search_term_string}\"},\"query-input\":\"required name=search_term_string\"}],\"inLanguage\":\"es\"},{\"@type\":\"ImageObject\",\"@id\":\"https:\/\/www.insm.es\/blognoticias\/psicopatologia-como-usar-los-diagnosticos-en-la-escuela\/#primaryimage\",\"inLanguage\":\"es\",\"url\":\"https:\/\/www.insm.es\/blognoticias\/wp-content\/uploads\/2021\/12\/post-infancia.jpg\",\"contentUrl\":\"https:\/\/www.insm.es\/blognoticias\/wp-content\/uploads\/2021\/12\/post-infancia.jpg\",\"width\":282,\"height\":425},{\"@type\":\"WebPage\",\"@id\":\"https:\/\/www.insm.es\/blognoticias\/psicopatologia-como-usar-los-diagnosticos-en-la-escuela\/#webpage\",\"url\":\"https:\/\/www.insm.es\/blognoticias\/psicopatologia-como-usar-los-diagnosticos-en-la-escuela\/\",\"name\":\"Uso del Diagn\\u00f3stico Psicopatol\\u00f3gico en la escuela\",\"isPartOf\":{\"@id\":\"https:\/\/www.insm.es\/blognoticias\/#website\"},\"primaryImageOfPage\":{\"@id\":\"https:\/\/www.insm.es\/blognoticias\/psicopatologia-como-usar-los-diagnosticos-en-la-escuela\/#primaryimage\"},\"datePublished\":\"2021-12-17T10:28:09+00:00\",\"dateModified\":\"2021-12-28T11:02:41+00:00\",\"description\":\"Uso del Diagn\\u00f3stico Psicopatol\\u00f3gico en la escuela. La proliferaci\\u00f3n de diagn\\u00f3sticos psicopatol\\u00f3gicos en poblaci\\u00f3n en edad escolar es una cuesti\\u00f3n compleja hoy.\",\"breadcrumb\":{\"@id\":\"https:\/\/www.insm.es\/blognoticias\/psicopatologia-como-usar-los-diagnosticos-en-la-escuela\/#breadcrumb\"},\"inLanguage\":\"es\",\"potentialAction\":[{\"@type\":\"ReadAction\",\"target\":[\"https:\/\/www.insm.es\/blognoticias\/psicopatologia-como-usar-los-diagnosticos-en-la-escuela\/\"]}]},{\"@type\":\"BreadcrumbList\",\"@id\":\"https:\/\/www.insm.es\/blognoticias\/psicopatologia-como-usar-los-diagnosticos-en-la-escuela\/#breadcrumb\",\"itemListElement\":[{\"@type\":\"ListItem\",\"position\":1,\"name\":\"Portada\",\"item\":\"https:\/\/www.insm.es\/blognoticias\/\"},{\"@type\":\"ListItem\",\"position\":2,\"name\":\"Psicopatolog\\u00eda \\u00bfC\\u00f3mo usar los diagn\\u00f3sticos en la escuela?\"}]},{\"@type\":\"Article\",\"@id\":\"https:\/\/www.insm.es\/blognoticias\/psicopatologia-como-usar-los-diagnosticos-en-la-escuela\/#article\",\"isPartOf\":{\"@id\":\"https:\/\/www.insm.es\/blognoticias\/psicopatologia-como-usar-los-diagnosticos-en-la-escuela\/#webpage\"},\"author\":{\"@id\":\"https:\/\/www.insm.es\/blognoticias\/#\/schema\/person\/b57a209056d1b9ca17f173929e8a1b38\"},\"headline\":\"Psicopatolog\\u00eda \\u00bfC\\u00f3mo usar los diagn\\u00f3sticos en la escuela?\",\"datePublished\":\"2021-12-17T10:28:09+00:00\",\"dateModified\":\"2021-12-28T11:02:41+00:00\",\"mainEntityOfPage\":{\"@id\":\"https:\/\/www.insm.es\/blognoticias\/psicopatologia-como-usar-los-diagnosticos-en-la-escuela\/#webpage\"},\"wordCount\":1132,\"publisher\":{\"@id\":\"https:\/\/www.insm.es\/blognoticias\/#organization\"},\"image\":{\"@id\":\"https:\/\/www.insm.es\/blognoticias\/psicopatologia-como-usar-los-diagnosticos-en-la-escuela\/#primaryimage\"},\"thumbnailUrl\":\"https:\/\/www.insm.es\/blognoticias\/wp-content\/uploads\/2021\/12\/post-infancia.jpg\",\"articleSection\":[\"Uncategorized\"],\"inLanguage\":\"es\"},{\"@type\":\"Person\",\"@id\":\"https:\/\/www.insm.es\/blognoticias\/#\/schema\/person\/b57a209056d1b9ca17f173929e8a1b38\",\"name\":\"wordpress\",\"image\":{\"@type\":\"ImageObject\",\"@id\":\"https:\/\/www.insm.es\/blognoticias\/#personlogo\",\"inLanguage\":\"es\",\"url\":\"https:\/\/secure.gravatar.com\/avatar\/ff50424bb16df4e94f1e415928de25a10e41cbc9ea3c8befcca38c2bf62bda98?s=96&d=mm&r=g\",\"contentUrl\":\"https:\/\/secure.gravatar.com\/avatar\/ff50424bb16df4e94f1e415928de25a10e41cbc9ea3c8befcca38c2bf62bda98?s=96&d=mm&r=g\",\"caption\":\"wordpress\"},\"sameAs\":[\"https:\/\/www.insm.es\/blognoticias\/\"],\"url\":\"https:\/\/www.insm.es\/blognoticias\/author\/wordpress\/\"}]}<\/script>\n<!-- \/ Yoast SEO Premium plugin. -->","yoast_head_json":{"title":"Uso del Diagn\u00f3stico Psicopatol\u00f3gico en la escuela","description":"Uso del Diagn\u00f3stico Psicopatol\u00f3gico en la escuela. La proliferaci\u00f3n de diagn\u00f3sticos psicopatol\u00f3gicos en poblaci\u00f3n en edad escolar es una cuesti\u00f3n compleja hoy.","robots":{"index":"index","follow":"follow","max-snippet":"max-snippet:-1","max-image-preview":"max-image-preview:large","max-video-preview":"max-video-preview:-1"},"canonical":"https:\/\/www.insm.es\/blognoticias\/psicopatologia-como-usar-los-diagnosticos-en-la-escuela\/","og_locale":"es_ES","og_type":"article","og_title":"Psicopatolog\u00eda \u00bfC\u00f3mo usar los diagn\u00f3sticos en la escuela?","og_description":"Uso del Diagn\u00f3stico Psicopatol\u00f3gico en la escuela. La proliferaci\u00f3n de diagn\u00f3sticos psicopatol\u00f3gicos en poblaci\u00f3n en edad escolar es una cuesti\u00f3n compleja hoy.","og_url":"https:\/\/www.insm.es\/blognoticias\/psicopatologia-como-usar-los-diagnosticos-en-la-escuela\/","og_site_name":"INSM Blog","article_published_time":"2021-12-17T10:28:09+00:00","article_modified_time":"2021-12-28T11:02:41+00:00","og_image":[{"width":282,"height":425,"url":"https:\/\/www.insm.es\/blognoticias\/wp-content\/uploads\/2021\/12\/post-infancia.jpg","type":"image\/jpeg"}],"twitter_card":"summary_large_image","twitter_misc":{"Escrito por":"wordpress","Tiempo de lectura":"5 minutos"},"schema":{"@context":"https:\/\/schema.org","@graph":[{"@type":"Organization","@id":"https:\/\/www.insm.es\/blognoticias\/#organization","name":"Instituto de Neurociencias y Salud Mental","url":"https:\/\/www.insm.es\/blognoticias\/","sameAs":[],"logo":{"@type":"ImageObject","@id":"https:\/\/www.insm.es\/blognoticias\/#logo","inLanguage":"es","url":"https:\/\/www.insm.es\/blognoticias\/wp-content\/uploads\/2021\/12\/logo-INSM.png","contentUrl":"https:\/\/www.insm.es\/blognoticias\/wp-content\/uploads\/2021\/12\/logo-INSM.png","width":273,"height":95,"caption":"Instituto de Neurociencias y Salud Mental"},"image":{"@id":"https:\/\/www.insm.es\/blognoticias\/#logo"}},{"@type":"WebSite","@id":"https:\/\/www.insm.es\/blognoticias\/#website","url":"https:\/\/www.insm.es\/blognoticias\/","name":"INSM Blog","description":"Not\u00edcias sobre INSM","publisher":{"@id":"https:\/\/www.insm.es\/blognoticias\/#organization"},"potentialAction":[{"@type":"SearchAction","target":{"@type":"EntryPoint","urlTemplate":"https:\/\/www.insm.es\/blognoticias\/?s={search_term_string}"},"query-input":"required name=search_term_string"}],"inLanguage":"es"},{"@type":"ImageObject","@id":"https:\/\/www.insm.es\/blognoticias\/psicopatologia-como-usar-los-diagnosticos-en-la-escuela\/#primaryimage","inLanguage":"es","url":"https:\/\/www.insm.es\/blognoticias\/wp-content\/uploads\/2021\/12\/post-infancia.jpg","contentUrl":"https:\/\/www.insm.es\/blognoticias\/wp-content\/uploads\/2021\/12\/post-infancia.jpg","width":282,"height":425},{"@type":"WebPage","@id":"https:\/\/www.insm.es\/blognoticias\/psicopatologia-como-usar-los-diagnosticos-en-la-escuela\/#webpage","url":"https:\/\/www.insm.es\/blognoticias\/psicopatologia-como-usar-los-diagnosticos-en-la-escuela\/","name":"Uso del Diagn\u00f3stico Psicopatol\u00f3gico en la escuela","isPartOf":{"@id":"https:\/\/www.insm.es\/blognoticias\/#website"},"primaryImageOfPage":{"@id":"https:\/\/www.insm.es\/blognoticias\/psicopatologia-como-usar-los-diagnosticos-en-la-escuela\/#primaryimage"},"datePublished":"2021-12-17T10:28:09+00:00","dateModified":"2021-12-28T11:02:41+00:00","description":"Uso del Diagn\u00f3stico Psicopatol\u00f3gico en la escuela. La proliferaci\u00f3n de diagn\u00f3sticos psicopatol\u00f3gicos en poblaci\u00f3n en edad escolar es una cuesti\u00f3n compleja hoy.","breadcrumb":{"@id":"https:\/\/www.insm.es\/blognoticias\/psicopatologia-como-usar-los-diagnosticos-en-la-escuela\/#breadcrumb"},"inLanguage":"es","potentialAction":[{"@type":"ReadAction","target":["https:\/\/www.insm.es\/blognoticias\/psicopatologia-como-usar-los-diagnosticos-en-la-escuela\/"]}]},{"@type":"BreadcrumbList","@id":"https:\/\/www.insm.es\/blognoticias\/psicopatologia-como-usar-los-diagnosticos-en-la-escuela\/#breadcrumb","itemListElement":[{"@type":"ListItem","position":1,"name":"Portada","item":"https:\/\/www.insm.es\/blognoticias\/"},{"@type":"ListItem","position":2,"name":"Psicopatolog\u00eda \u00bfC\u00f3mo usar los diagn\u00f3sticos en la escuela?"}]},{"@type":"Article","@id":"https:\/\/www.insm.es\/blognoticias\/psicopatologia-como-usar-los-diagnosticos-en-la-escuela\/#article","isPartOf":{"@id":"https:\/\/www.insm.es\/blognoticias\/psicopatologia-como-usar-los-diagnosticos-en-la-escuela\/#webpage"},"author":{"@id":"https:\/\/www.insm.es\/blognoticias\/#\/schema\/person\/b57a209056d1b9ca17f173929e8a1b38"},"headline":"Psicopatolog\u00eda \u00bfC\u00f3mo usar los diagn\u00f3sticos en la escuela?","datePublished":"2021-12-17T10:28:09+00:00","dateModified":"2021-12-28T11:02:41+00:00","mainEntityOfPage":{"@id":"https:\/\/www.insm.es\/blognoticias\/psicopatologia-como-usar-los-diagnosticos-en-la-escuela\/#webpage"},"wordCount":1132,"publisher":{"@id":"https:\/\/www.insm.es\/blognoticias\/#organization"},"image":{"@id":"https:\/\/www.insm.es\/blognoticias\/psicopatologia-como-usar-los-diagnosticos-en-la-escuela\/#primaryimage"},"thumbnailUrl":"https:\/\/www.insm.es\/blognoticias\/wp-content\/uploads\/2021\/12\/post-infancia.jpg","articleSection":["Uncategorized"],"inLanguage":"es"},{"@type":"Person","@id":"https:\/\/www.insm.es\/blognoticias\/#\/schema\/person\/b57a209056d1b9ca17f173929e8a1b38","name":"wordpress","image":{"@type":"ImageObject","@id":"https:\/\/www.insm.es\/blognoticias\/#personlogo","inLanguage":"es","url":"https:\/\/secure.gravatar.com\/avatar\/ff50424bb16df4e94f1e415928de25a10e41cbc9ea3c8befcca38c2bf62bda98?s=96&d=mm&r=g","contentUrl":"https:\/\/secure.gravatar.com\/avatar\/ff50424bb16df4e94f1e415928de25a10e41cbc9ea3c8befcca38c2bf62bda98?s=96&d=mm&r=g","caption":"wordpress"},"sameAs":["https:\/\/www.insm.es\/blognoticias\/"],"url":"https:\/\/www.insm.es\/blognoticias\/author\/wordpress\/"}]}},"_links":{"self":[{"href":"https:\/\/www.insm.es\/blognoticias\/wp-json\/wp\/v2\/posts\/7792","targetHints":{"allow":["GET"]}}],"collection":[{"href":"https:\/\/www.insm.es\/blognoticias\/wp-json\/wp\/v2\/posts"}],"about":[{"href":"https:\/\/www.insm.es\/blognoticias\/wp-json\/wp\/v2\/types\/post"}],"author":[{"embeddable":true,"href":"https:\/\/www.insm.es\/blognoticias\/wp-json\/wp\/v2\/users\/1"}],"replies":[{"embeddable":true,"href":"https:\/\/www.insm.es\/blognoticias\/wp-json\/wp\/v2\/comments?post=7792"}],"version-history":[{"count":27,"href":"https:\/\/www.insm.es\/blognoticias\/wp-json\/wp\/v2\/posts\/7792\/revisions"}],"predecessor-version":[{"id":7941,"href":"https:\/\/www.insm.es\/blognoticias\/wp-json\/wp\/v2\/posts\/7792\/revisions\/7941"}],"wp:featuredmedia":[{"embeddable":true,"href":"https:\/\/www.insm.es\/blognoticias\/wp-json\/wp\/v2\/media\/7780"}],"wp:attachment":[{"href":"https:\/\/www.insm.es\/blognoticias\/wp-json\/wp\/v2\/media?parent=7792"}],"wp:term":[{"taxonomy":"category","embeddable":true,"href":"https:\/\/www.insm.es\/blognoticias\/wp-json\/wp\/v2\/categories?post=7792"},{"taxonomy":"post_tag","embeddable":true,"href":"https:\/\/www.insm.es\/blognoticias\/wp-json\/wp\/v2\/tags?post=7792"}],"curies":[{"name":"wp","href":"https:\/\/api.w.org\/{rel}","templated":true}]}}