{"id":7659,"date":"2021-12-15T17:52:39","date_gmt":"2021-12-15T17:52:39","guid":{"rendered":"https:\/\/www.insm.es\/blognoticias\/?p=7659"},"modified":"2022-01-02T16:51:55","modified_gmt":"2022-01-02T16:51:55","slug":"inclusion-escolar-mito-o-deseo","status":"publish","type":"post","link":"https:\/\/www.insm.es\/blognoticias\/inclusion-escolar-mito-o-deseo\/","title":{"rendered":"Inclusi\u00f3n Escolar \u00bfMito o Deseo?"},"content":{"rendered":"\t\t<div data-elementor-type=\"wp-post\" data-elementor-id=\"7659\" class=\"elementor elementor-7659\" data-elementor-settings=\"[]\">\n\t\t\t\t\t\t\t<div class=\"elementor-section-wrap\">\n\t\t\t\t\t\t\t<section class=\"elementor-section elementor-top-section elementor-element elementor-element-da7bf29 elementor-section-boxed elementor-section-height-default elementor-section-height-default qodef-elementor-content-no\" data-id=\"da7bf29\" data-element_type=\"section\">\n\t\t\t\t\t\t<div class=\"elementor-container elementor-column-gap-default\">\n\t\t\t\t\t<div class=\"elementor-column elementor-col-100 elementor-top-column elementor-element elementor-element-8d87199\" data-id=\"8d87199\" data-element_type=\"column\">\n\t\t\t<div class=\"elementor-widget-wrap elementor-element-populated\">\n\t\t\t\t\t\t\t\t<div class=\"elementor-element elementor-element-901ba18 elementor-widget elementor-widget-text-editor\" data-id=\"901ba18\" data-element_type=\"widget\" data-widget_type=\"text-editor.default\">\n\t\t\t\t<div class=\"elementor-widget-container\">\n\t\t\t\t\t\t\t<p><a href=\"https:\/\/www.insm.es\/especialidad\/psicopedagogia\" target=\"_blank\" rel=\"noopener\">Psicopedagog\u00eda<\/a> Psicolog\u00eda de ni\u00f1os y adolescentes. Necesidades educativas especiales: integraci\u00f3n o inclusi\u00f3n<\/p>\n<p>En la d\u00e9cada de los noventa del sigo pasado se empez\u00f3 a cuestionar la palabra \u201c<strong>integraci\u00f3n<\/strong>\u201d para referirse al abordaje de las necesidades educativas especiales en las llamadas \u201cescuelas ordinarias\u201d. Los t\u00e9rminos pedag\u00f3gicos se transformaron para designar una realidad m\u00e1s acorde con las demandas escolares de alumnos y familias.<\/p>\n<p>Del vocablo integraci\u00f3n, que exig\u00eda al ni\u00f1o adaptarse al centro escolar, a su din\u00e1mica y a sus pr\u00e1cticas educativas, se pas\u00f3 al t\u00e9rmino \u201c<strong>inclusi\u00f3n<\/strong>\u201d.<\/p>\n<p>La inclusi\u00f3n propone otro movimiento: no es el ni\u00f1o el que se adapta sino la escuela que lo acoge, bajo la premisa de modificar, si fuera necesario, sus pr\u00e1cticas, metodolog\u00edas y materiales. La inclusi\u00f3n implica transformar el ambiente escolar, su cultura, su mentalidad. Maestros y familias, adem\u00e1s de los alumnos y el personal de apoyo, deben entender la escuela como un espacio de convivencia donde la diferencia no es penalizada sino reconocida como un elemento con valor educativo.<\/p>\n<p>Se puede definir la inclusi\u00f3n en su perspectiva hist\u00f3rica, pero tambi\u00e9n a partir de los dilemas que plantea cuando decimos que la escuela debe cambiar. \u00bfEn qu\u00e9 direcci\u00f3n?<\/p>\n<p>Esta transformaci\u00f3n en la mirada de la pr\u00e1ctica escolar y su funci\u00f3n social, orientada a la sociabilidad de todos, no puede entenderse bien sin analizar cu\u00e1les son las variables que intervienen y los niveles de inclusi\u00f3n posible.<\/p>\n<p>En primer lugar, las pr\u00e1cticas escolares: no es lo mismo un centro privado que un centro p\u00fablico, un centro con metodolog\u00edas colaborativas que una escuela con una propuesta m\u00e1s bien centrada en el maestro.<\/p>\n<p>En segundo lugar, es importante considerar que toda escuela genera -mejor o peor- un sentimiento de pertenencia en los ni\u00f1os. Por ejemplo, \u201cquerer ir a la escuela\u201d o \u201cir contento\u201d son elementos clave para identificar que el colegio es un lugar en el que los alumnos se sienten acogidos. Para definir esta segunda variable hay que preguntar directamente a los ni\u00f1os.<\/p>\n<p>En tercer lugar, existe en la escuela lo que Freud llam\u00f3 una \u201crelaci\u00f3n transferencial\u201d, de proyecci\u00f3n de afectos hacia los maestros, que moviliza el aprendizaje y lo aligera. Los alumnos consideran al maestro como una persona de referencia, alguien que puede responder a sus preguntas sobre qui\u00e9nes son ellos, qu\u00e9 es el mundo y c\u00f3mo ubicarse en \u00e9l. No todos los equipos docentes son conscientes del peso de la relaci\u00f3n de transferencia entre docente y alumno. Los alumnos depositan en el docente un saber sobre su propia vida, sus inquietudes y preocupaciones. Se trata de una ficci\u00f3n que tiene consecuencias: permite a los estudiantes ponerse a aprender con un inter\u00e9s particular. Por eso hay que saber manejar la transferencia: no se trata de algo evidente o de tipo emp\u00edrico. A veces tambi\u00e9n puede ser tramposo, cuando el ni\u00f1o deposita en el maestro, por ejemplo, el odio hacia un padre ausente o problem\u00e1tico.<\/p>\n<p><strong>La inclusi\u00f3n depende tambi\u00e9n de ficciones, que pueden desbaratar la intencionalidad did\u00e1ctica mejor organizada.<\/strong><\/p>\n<p style=\"text-align: center;\"><b>Psicolog\u00eda de ni\u00f1os y adolescentes<\/b><\/p>\n<p style=\"text-align: center;\"><strong>Necesidades educativas especiales: integraci\u00f3n o inclusi\u00f3n<\/strong><\/p>\n<p>Se puede hablar de inclusi\u00f3n desde el mito o <a href=\"https:\/\/ps.iaeu.net\/course\/view.php?id=220\" target=\"_blank\" rel=\"noopener\">desde el deseo<\/a>. Tal vez el deseo de un horizonte inclusivo para las pr\u00e1cticas escolares facilite m\u00e1s las cosas que el mito imposible.<\/p>\n<p>En <a href=\"https:\/\/ps.iaeu.net\/course\/view2.php?id=30\" target=\"_blank\" rel=\"noopener\">Retos de la Educaci\u00f3n Inclusiva<\/a>, he tratado de introducir esta cuesti\u00f3n considerando sus variables m\u00e1s importantes a partir del <a href=\"http:\/\/www.daemcopiapo.cl\/Biblioteca\/Archivos\/INDICE_INCLUSION.pdf\" target=\"_blank\" rel=\"noopener\">\u00edndice de inclusi\u00f3n de Tony Booth y Mel Ainscow<\/a><\/p>\n<p>Anna <em>Pag\u00e9s<\/em>, Blanquerna, Universidad Ram\u00f3n Llull.<\/p>\n<p><strong>INSM<\/strong><\/p>\t\t\t\t\t\t<\/div>\n\t\t\t\t<\/div>\n\t\t\t\t\t<\/div>\n\t\t<\/div>\n\t\t\t\t\t\t\t<\/div>\n\t\t<\/section>\n\t\t\t\t\t\t<\/div>\n\t\t\t\t\t<\/div>\n\t\t","protected":false},"excerpt":{"rendered":"<p>En la d\u00e9cada de los noventa del sigo pasado se empez\u00f3 a cuestionar la palabra \u201cintegraci\u00f3n\u201d para referirse al abordaje de las necesidades educativas especiales <\/p>\n","protected":false},"author":1,"featured_media":7660,"comment_status":"closed","ping_status":"open","sticky":false,"template":"","format":"standard","meta":{"footnotes":""},"categories":[1],"tags":[],"class_list":["post-7659","post","type-post","status-publish","format-standard","has-post-thumbnail","hentry","category-uncategorized"],"yoast_head":"<!-- This site is optimized with the Yoast SEO Premium plugin v17.8 (Yoast SEO v17.8) - https:\/\/yoast.com\/wordpress\/plugins\/seo\/ -->\n<title>Psicolog\u00eda de ni\u00f1os y adolescentes. Necesidades educativas especiales.<\/title>\n<meta name=\"description\" content=\"Psicolog\u00eda de ni\u00f1os y adolescentes con Necesidades educativas especiales: Diferencias entre integraci\u00f3n y inclusi\u00f3n.\" \/>\n<meta name=\"robots\" content=\"index, follow, max-snippet:-1, max-image-preview:large, max-video-preview:-1\" \/>\n<link rel=\"canonical\" href=\"https:\/\/www.insm.es\/blognoticias\/inclusion-escolar-mito-o-deseo\/\" \/>\n<meta property=\"og:locale\" content=\"es_ES\" \/>\n<meta property=\"og:type\" content=\"article\" \/>\n<meta property=\"og:title\" content=\"Inclusi\u00f3n Escolar \u00bfMito o Deseo?\" \/>\n<meta property=\"og:description\" content=\"Psicolog\u00eda de ni\u00f1os y adolescentes con Necesidades educativas especiales: Diferencias entre integraci\u00f3n y inclusi\u00f3n.\" \/>\n<meta property=\"og:url\" content=\"https:\/\/www.insm.es\/blognoticias\/inclusion-escolar-mito-o-deseo\/\" \/>\n<meta property=\"og:site_name\" content=\"INSM Blog\" \/>\n<meta property=\"article:published_time\" content=\"2021-12-15T17:52:39+00:00\" \/>\n<meta property=\"article:modified_time\" content=\"2022-01-02T16:51:55+00:00\" \/>\n<meta property=\"og:image\" content=\"https:\/\/www.insm.es\/blognoticias\/wp-content\/uploads\/2021\/12\/INCLUSIVA.jpg\" \/>\n\t<meta property=\"og:image:width\" content=\"401\" \/>\n\t<meta property=\"og:image:height\" content=\"299\" \/>\n<meta name=\"twitter:card\" content=\"summary_large_image\" \/>\n<meta name=\"twitter:label1\" content=\"Escrito por\" \/>\n\t<meta name=\"twitter:data1\" content=\"wordpress\" \/>\n\t<meta name=\"twitter:label2\" content=\"Tiempo de lectura\" \/>\n\t<meta name=\"twitter:data2\" content=\"3 minutos\" \/>\n<script type=\"application\/ld+json\" class=\"yoast-schema-graph\">{\"@context\":\"https:\/\/schema.org\",\"@graph\":[{\"@type\":\"Organization\",\"@id\":\"https:\/\/www.insm.es\/blognoticias\/#organization\",\"name\":\"Instituto de Neurociencias y Salud Mental\",\"url\":\"https:\/\/www.insm.es\/blognoticias\/\",\"sameAs\":[],\"logo\":{\"@type\":\"ImageObject\",\"@id\":\"https:\/\/www.insm.es\/blognoticias\/#logo\",\"inLanguage\":\"es\",\"url\":\"https:\/\/www.insm.es\/blognoticias\/wp-content\/uploads\/2021\/12\/logo-INSM.png\",\"contentUrl\":\"https:\/\/www.insm.es\/blognoticias\/wp-content\/uploads\/2021\/12\/logo-INSM.png\",\"width\":273,\"height\":95,\"caption\":\"Instituto de Neurociencias y Salud Mental\"},\"image\":{\"@id\":\"https:\/\/www.insm.es\/blognoticias\/#logo\"}},{\"@type\":\"WebSite\",\"@id\":\"https:\/\/www.insm.es\/blognoticias\/#website\",\"url\":\"https:\/\/www.insm.es\/blognoticias\/\",\"name\":\"INSM Blog\",\"description\":\"Not\\u00edcias sobre INSM\",\"publisher\":{\"@id\":\"https:\/\/www.insm.es\/blognoticias\/#organization\"},\"potentialAction\":[{\"@type\":\"SearchAction\",\"target\":{\"@type\":\"EntryPoint\",\"urlTemplate\":\"https:\/\/www.insm.es\/blognoticias\/?s={search_term_string}\"},\"query-input\":\"required name=search_term_string\"}],\"inLanguage\":\"es\"},{\"@type\":\"ImageObject\",\"@id\":\"https:\/\/www.insm.es\/blognoticias\/inclusion-escolar-mito-o-deseo\/#primaryimage\",\"inLanguage\":\"es\",\"url\":\"https:\/\/www.insm.es\/blognoticias\/wp-content\/uploads\/2021\/12\/INCLUSIVA.jpg\",\"contentUrl\":\"https:\/\/www.insm.es\/blognoticias\/wp-content\/uploads\/2021\/12\/INCLUSIVA.jpg\",\"width\":401,\"height\":299},{\"@type\":\"WebPage\",\"@id\":\"https:\/\/www.insm.es\/blognoticias\/inclusion-escolar-mito-o-deseo\/#webpage\",\"url\":\"https:\/\/www.insm.es\/blognoticias\/inclusion-escolar-mito-o-deseo\/\",\"name\":\"Psicolog\\u00eda de ni\\u00f1os y adolescentes. Necesidades educativas especiales.\",\"isPartOf\":{\"@id\":\"https:\/\/www.insm.es\/blognoticias\/#website\"},\"primaryImageOfPage\":{\"@id\":\"https:\/\/www.insm.es\/blognoticias\/inclusion-escolar-mito-o-deseo\/#primaryimage\"},\"datePublished\":\"2021-12-15T17:52:39+00:00\",\"dateModified\":\"2022-01-02T16:51:55+00:00\",\"description\":\"Psicolog\\u00eda de ni\\u00f1os y adolescentes con Necesidades educativas especiales: Diferencias entre integraci\\u00f3n y inclusi\\u00f3n.\",\"breadcrumb\":{\"@id\":\"https:\/\/www.insm.es\/blognoticias\/inclusion-escolar-mito-o-deseo\/#breadcrumb\"},\"inLanguage\":\"es\",\"potentialAction\":[{\"@type\":\"ReadAction\",\"target\":[\"https:\/\/www.insm.es\/blognoticias\/inclusion-escolar-mito-o-deseo\/\"]}]},{\"@type\":\"BreadcrumbList\",\"@id\":\"https:\/\/www.insm.es\/blognoticias\/inclusion-escolar-mito-o-deseo\/#breadcrumb\",\"itemListElement\":[{\"@type\":\"ListItem\",\"position\":1,\"name\":\"Portada\",\"item\":\"https:\/\/www.insm.es\/blognoticias\/\"},{\"@type\":\"ListItem\",\"position\":2,\"name\":\"Inclusi\\u00f3n Escolar \\u00bfMito o Deseo?\"}]},{\"@type\":\"Article\",\"@id\":\"https:\/\/www.insm.es\/blognoticias\/inclusion-escolar-mito-o-deseo\/#article\",\"isPartOf\":{\"@id\":\"https:\/\/www.insm.es\/blognoticias\/inclusion-escolar-mito-o-deseo\/#webpage\"},\"author\":{\"@id\":\"https:\/\/www.insm.es\/blognoticias\/#\/schema\/person\/b57a209056d1b9ca17f173929e8a1b38\"},\"headline\":\"Inclusi\\u00f3n Escolar \\u00bfMito o Deseo?\",\"datePublished\":\"2021-12-15T17:52:39+00:00\",\"dateModified\":\"2022-01-02T16:51:55+00:00\",\"mainEntityOfPage\":{\"@id\":\"https:\/\/www.insm.es\/blognoticias\/inclusion-escolar-mito-o-deseo\/#webpage\"},\"wordCount\":639,\"publisher\":{\"@id\":\"https:\/\/www.insm.es\/blognoticias\/#organization\"},\"image\":{\"@id\":\"https:\/\/www.insm.es\/blognoticias\/inclusion-escolar-mito-o-deseo\/#primaryimage\"},\"thumbnailUrl\":\"https:\/\/www.insm.es\/blognoticias\/wp-content\/uploads\/2021\/12\/INCLUSIVA.jpg\",\"articleSection\":[\"Uncategorized\"],\"inLanguage\":\"es\"},{\"@type\":\"Person\",\"@id\":\"https:\/\/www.insm.es\/blognoticias\/#\/schema\/person\/b57a209056d1b9ca17f173929e8a1b38\",\"name\":\"wordpress\",\"image\":{\"@type\":\"ImageObject\",\"@id\":\"https:\/\/www.insm.es\/blognoticias\/#personlogo\",\"inLanguage\":\"es\",\"url\":\"https:\/\/secure.gravatar.com\/avatar\/ff50424bb16df4e94f1e415928de25a10e41cbc9ea3c8befcca38c2bf62bda98?s=96&d=mm&r=g\",\"contentUrl\":\"https:\/\/secure.gravatar.com\/avatar\/ff50424bb16df4e94f1e415928de25a10e41cbc9ea3c8befcca38c2bf62bda98?s=96&d=mm&r=g\",\"caption\":\"wordpress\"},\"sameAs\":[\"https:\/\/www.insm.es\/blognoticias\/\"],\"url\":\"https:\/\/www.insm.es\/blognoticias\/author\/wordpress\/\"}]}<\/script>\n<!-- \/ Yoast SEO Premium plugin. -->","yoast_head_json":{"title":"Psicolog\u00eda de ni\u00f1os y adolescentes. Necesidades educativas especiales.","description":"Psicolog\u00eda de ni\u00f1os y adolescentes con Necesidades educativas especiales: Diferencias entre integraci\u00f3n y inclusi\u00f3n.","robots":{"index":"index","follow":"follow","max-snippet":"max-snippet:-1","max-image-preview":"max-image-preview:large","max-video-preview":"max-video-preview:-1"},"canonical":"https:\/\/www.insm.es\/blognoticias\/inclusion-escolar-mito-o-deseo\/","og_locale":"es_ES","og_type":"article","og_title":"Inclusi\u00f3n Escolar \u00bfMito o Deseo?","og_description":"Psicolog\u00eda de ni\u00f1os y adolescentes con Necesidades educativas especiales: Diferencias entre integraci\u00f3n y inclusi\u00f3n.","og_url":"https:\/\/www.insm.es\/blognoticias\/inclusion-escolar-mito-o-deseo\/","og_site_name":"INSM Blog","article_published_time":"2021-12-15T17:52:39+00:00","article_modified_time":"2022-01-02T16:51:55+00:00","og_image":[{"width":401,"height":299,"url":"https:\/\/www.insm.es\/blognoticias\/wp-content\/uploads\/2021\/12\/INCLUSIVA.jpg","type":"image\/jpeg"}],"twitter_card":"summary_large_image","twitter_misc":{"Escrito por":"wordpress","Tiempo de lectura":"3 minutos"},"schema":{"@context":"https:\/\/schema.org","@graph":[{"@type":"Organization","@id":"https:\/\/www.insm.es\/blognoticias\/#organization","name":"Instituto de Neurociencias y Salud Mental","url":"https:\/\/www.insm.es\/blognoticias\/","sameAs":[],"logo":{"@type":"ImageObject","@id":"https:\/\/www.insm.es\/blognoticias\/#logo","inLanguage":"es","url":"https:\/\/www.insm.es\/blognoticias\/wp-content\/uploads\/2021\/12\/logo-INSM.png","contentUrl":"https:\/\/www.insm.es\/blognoticias\/wp-content\/uploads\/2021\/12\/logo-INSM.png","width":273,"height":95,"caption":"Instituto de Neurociencias y Salud Mental"},"image":{"@id":"https:\/\/www.insm.es\/blognoticias\/#logo"}},{"@type":"WebSite","@id":"https:\/\/www.insm.es\/blognoticias\/#website","url":"https:\/\/www.insm.es\/blognoticias\/","name":"INSM Blog","description":"Not\u00edcias sobre INSM","publisher":{"@id":"https:\/\/www.insm.es\/blognoticias\/#organization"},"potentialAction":[{"@type":"SearchAction","target":{"@type":"EntryPoint","urlTemplate":"https:\/\/www.insm.es\/blognoticias\/?s={search_term_string}"},"query-input":"required name=search_term_string"}],"inLanguage":"es"},{"@type":"ImageObject","@id":"https:\/\/www.insm.es\/blognoticias\/inclusion-escolar-mito-o-deseo\/#primaryimage","inLanguage":"es","url":"https:\/\/www.insm.es\/blognoticias\/wp-content\/uploads\/2021\/12\/INCLUSIVA.jpg","contentUrl":"https:\/\/www.insm.es\/blognoticias\/wp-content\/uploads\/2021\/12\/INCLUSIVA.jpg","width":401,"height":299},{"@type":"WebPage","@id":"https:\/\/www.insm.es\/blognoticias\/inclusion-escolar-mito-o-deseo\/#webpage","url":"https:\/\/www.insm.es\/blognoticias\/inclusion-escolar-mito-o-deseo\/","name":"Psicolog\u00eda de ni\u00f1os y adolescentes. Necesidades educativas especiales.","isPartOf":{"@id":"https:\/\/www.insm.es\/blognoticias\/#website"},"primaryImageOfPage":{"@id":"https:\/\/www.insm.es\/blognoticias\/inclusion-escolar-mito-o-deseo\/#primaryimage"},"datePublished":"2021-12-15T17:52:39+00:00","dateModified":"2022-01-02T16:51:55+00:00","description":"Psicolog\u00eda de ni\u00f1os y adolescentes con Necesidades educativas especiales: Diferencias entre integraci\u00f3n y inclusi\u00f3n.","breadcrumb":{"@id":"https:\/\/www.insm.es\/blognoticias\/inclusion-escolar-mito-o-deseo\/#breadcrumb"},"inLanguage":"es","potentialAction":[{"@type":"ReadAction","target":["https:\/\/www.insm.es\/blognoticias\/inclusion-escolar-mito-o-deseo\/"]}]},{"@type":"BreadcrumbList","@id":"https:\/\/www.insm.es\/blognoticias\/inclusion-escolar-mito-o-deseo\/#breadcrumb","itemListElement":[{"@type":"ListItem","position":1,"name":"Portada","item":"https:\/\/www.insm.es\/blognoticias\/"},{"@type":"ListItem","position":2,"name":"Inclusi\u00f3n Escolar \u00bfMito o Deseo?"}]},{"@type":"Article","@id":"https:\/\/www.insm.es\/blognoticias\/inclusion-escolar-mito-o-deseo\/#article","isPartOf":{"@id":"https:\/\/www.insm.es\/blognoticias\/inclusion-escolar-mito-o-deseo\/#webpage"},"author":{"@id":"https:\/\/www.insm.es\/blognoticias\/#\/schema\/person\/b57a209056d1b9ca17f173929e8a1b38"},"headline":"Inclusi\u00f3n Escolar \u00bfMito o Deseo?","datePublished":"2021-12-15T17:52:39+00:00","dateModified":"2022-01-02T16:51:55+00:00","mainEntityOfPage":{"@id":"https:\/\/www.insm.es\/blognoticias\/inclusion-escolar-mito-o-deseo\/#webpage"},"wordCount":639,"publisher":{"@id":"https:\/\/www.insm.es\/blognoticias\/#organization"},"image":{"@id":"https:\/\/www.insm.es\/blognoticias\/inclusion-escolar-mito-o-deseo\/#primaryimage"},"thumbnailUrl":"https:\/\/www.insm.es\/blognoticias\/wp-content\/uploads\/2021\/12\/INCLUSIVA.jpg","articleSection":["Uncategorized"],"inLanguage":"es"},{"@type":"Person","@id":"https:\/\/www.insm.es\/blognoticias\/#\/schema\/person\/b57a209056d1b9ca17f173929e8a1b38","name":"wordpress","image":{"@type":"ImageObject","@id":"https:\/\/www.insm.es\/blognoticias\/#personlogo","inLanguage":"es","url":"https:\/\/secure.gravatar.com\/avatar\/ff50424bb16df4e94f1e415928de25a10e41cbc9ea3c8befcca38c2bf62bda98?s=96&d=mm&r=g","contentUrl":"https:\/\/secure.gravatar.com\/avatar\/ff50424bb16df4e94f1e415928de25a10e41cbc9ea3c8befcca38c2bf62bda98?s=96&d=mm&r=g","caption":"wordpress"},"sameAs":["https:\/\/www.insm.es\/blognoticias\/"],"url":"https:\/\/www.insm.es\/blognoticias\/author\/wordpress\/"}]}},"_links":{"self":[{"href":"https:\/\/www.insm.es\/blognoticias\/wp-json\/wp\/v2\/posts\/7659","targetHints":{"allow":["GET"]}}],"collection":[{"href":"https:\/\/www.insm.es\/blognoticias\/wp-json\/wp\/v2\/posts"}],"about":[{"href":"https:\/\/www.insm.es\/blognoticias\/wp-json\/wp\/v2\/types\/post"}],"author":[{"embeddable":true,"href":"https:\/\/www.insm.es\/blognoticias\/wp-json\/wp\/v2\/users\/1"}],"replies":[{"embeddable":true,"href":"https:\/\/www.insm.es\/blognoticias\/wp-json\/wp\/v2\/comments?post=7659"}],"version-history":[{"count":41,"href":"https:\/\/www.insm.es\/blognoticias\/wp-json\/wp\/v2\/posts\/7659\/revisions"}],"predecessor-version":[{"id":8073,"href":"https:\/\/www.insm.es\/blognoticias\/wp-json\/wp\/v2\/posts\/7659\/revisions\/8073"}],"wp:featuredmedia":[{"embeddable":true,"href":"https:\/\/www.insm.es\/blognoticias\/wp-json\/wp\/v2\/media\/7660"}],"wp:attachment":[{"href":"https:\/\/www.insm.es\/blognoticias\/wp-json\/wp\/v2\/media?parent=7659"}],"wp:term":[{"taxonomy":"category","embeddable":true,"href":"https:\/\/www.insm.es\/blognoticias\/wp-json\/wp\/v2\/categories?post=7659"},{"taxonomy":"post_tag","embeddable":true,"href":"https:\/\/www.insm.es\/blognoticias\/wp-json\/wp\/v2\/tags?post=7659"}],"curies":[{"name":"wp","href":"https:\/\/api.w.org\/{rel}","templated":true}]}}