{"id":7493,"date":"2021-12-10T08:41:17","date_gmt":"2021-12-10T08:41:17","guid":{"rendered":"https:\/\/www.insm.es\/blognoticias\/?p=7493"},"modified":"2022-01-16T07:54:01","modified_gmt":"2022-01-16T07:54:01","slug":"las-vacunas-covid-19-no-si-son-vacunas","status":"publish","type":"post","link":"https:\/\/www.insm.es\/blognoticias\/las-vacunas-covid-19-no-si-son-vacunas\/","title":{"rendered":"Las vacunas Covid-19 (no-si) son vacunas"},"content":{"rendered":"\t\t<div data-elementor-type=\"wp-post\" data-elementor-id=\"7493\" class=\"elementor elementor-7493\" data-elementor-settings=\"[]\">\n\t\t\t\t\t\t\t<div class=\"elementor-section-wrap\">\n\t\t\t\t\t\t\t<section class=\"elementor-section elementor-top-section elementor-element elementor-element-7aec559 elementor-section-boxed elementor-section-height-default elementor-section-height-default qodef-elementor-content-no\" data-id=\"7aec559\" data-element_type=\"section\">\n\t\t\t\t\t\t<div class=\"elementor-container elementor-column-gap-default\">\n\t\t\t\t\t<div class=\"elementor-column elementor-col-100 elementor-top-column elementor-element elementor-element-8bc33cd\" data-id=\"8bc33cd\" data-element_type=\"column\">\n\t\t\t<div class=\"elementor-widget-wrap elementor-element-populated\">\n\t\t\t\t\t\t\t\t<div class=\"elementor-element elementor-element-4dcd330 elementor-widget elementor-widget-text-editor\" data-id=\"4dcd330\" data-element_type=\"widget\" data-widget_type=\"text-editor.default\">\n\t\t\t\t<div class=\"elementor-widget-container\">\n\t\t\t\t\t\t\t<h6>Anti vacunas:\u00a0 Desconfianza en las vacunas Covid-19<\/h6><p>La idea esta presente en el imaginario colectivo sostenido por decenas de millones de personas en el mundo, agrupados en los distintos colectivos denominados \u201c<a href=\"https:\/\/elpais.com\/sociedad\/2022-01-16\/el-universo-paralelo-de-los-antivacunas-italianos.html\" target=\"_blank\" rel=\"noopener\">anti-vacunas<\/a>\u201d.<\/p><p>Como suele suceder con las falacias universalizadas, se sustenta en un hecho verdadero convenientemente tergiversado: las vacunas anti-Covid 19 no impiden el contagio del Sars Cov-2 de la misma cepa, al menos no lo impiden complemente, ni siquiera con la pauta completa y reforzada.<\/p><p>Es una diferencia sustancial con otras vacunas que s\u00ed son eficaces en un alt\u00edsimo grado para impedir la infecci\u00f3n v\u00edrica, como por ejemplo la\u00a0<strong>vacuna Salk<\/strong>, que contiene los tres formatos inocuos del poliovirus tipo 1, tipo 2 y tipo 3 de la <a href=\"https:\/\/www.mayoclinic.org\/es-es\/diseases-conditions\/polio\/symptoms-causes\/syc-20376512\" target=\"_blank\" rel=\"noopener\">poliomielitis<\/a>\u00a0y que ha permitido erradicar la enfermedad en casi todo el planeta.<\/p><p>Si se restringe el t\u00e9rmino \u201cvacuna\u201d a los f\u00e1rmacos que impidan radicalmente el contagio entonces las actuales vacunas no lo son.<\/p><p>Pero esta <em>eficacia relativa<\/em> es la realidad de gran parte de las vacunas existentes para diferentes <a href=\"https:\/\/www.genome.gov\/es\/genetics-glossary\/Virus\" target=\"_blank\" rel=\"noopener\">virus<\/a>, ya sea porque disminuyen sensiblemente la posibilidad de infecci\u00f3n o bien porque entrenan al sistema inmunol\u00f3gico para combatir mejor al pat\u00f3geno.<\/p><p>En efecto, como sabemos, las vacunas no tienen como objetivo combatir directamente al pat\u00f3geno sino preparar al sistema inmunol\u00f3gico para combatirlo de modo m\u00e1s eficaz. Por esta raz\u00f3n es pertinente denominarlas vacunas y no antivirales.<\/p><p>La aseveraci\u00f3n de que las actuales vacunas Covid-19 no son vacunas, necesita desconocer que los sujetos vacunados tienen much\u00edsimas menos posibilidades de enfermar gravemente y por tanto son extraordinariamente eficaces y necesarias.<\/p><p>Este desconocimiento, que se suele denominar \u201c<a href=\"https:\/\/elpais.com\/eps\/2021-11-14\/el-negacionismo-es-cosa-de-boomers.html\" target=\"_blank\" rel=\"noopener\">negacionismo<\/a>\u201d, permite generar una pandemia de fantas\u00edas conspirativas que tienen siempre el mismo denominador com\u00fan: <strong>una mala intenci\u00f3n oculta atribuida al otro<\/strong>.<\/p><p>Se trate de la teor\u00eda de un \u201c<em>arma de destrucci\u00f3n masiva creada por China para destruir Occidente<\/em>\u201d o bien de un \u201c<em>malvado intento secreto de modificar el ADN humano<\/em>\u201d. Y la variante menos extrema: <em>una pulsi\u00f3n autoritaria del Estado para robar la libertad de sus ciudadanos<\/em>.<\/p><p>Por lo que hemos podido observar hasta ahora, las diferencias entre las diversas fantas\u00edas conspirativas no son muy grandes en lo esencial, lo cual podr\u00eda indicarnos que las fantas\u00edas existentes son eficaces: mueven a millones de personas a la desconfianza en las vacunas Covid-19<\/p><p>No necesitamos mucho para concluir que conocemos una patolog\u00eda que siempre incluye esa mala intenci\u00f3n del otro: la <strong>Psicosis paranoica<\/strong>.<\/p><p>En efecto, cualquiera sea la modalidad de la Paranoia, siempre encontraremos en ella la certeza de esa mala intenci\u00f3n que tendr\u00eda alg\u00fan otro. La certeza, la impresi\u00f3n de verdad absoluta que tiene en el paranoico no es dialectizable. No admite razonamientos diferentes porque el sujeto est\u00e1 \u201cviendo\u201d la mala intenci\u00f3n en el otro.<\/p><p>Pero entonces \u00bflo que esta pandemia del Covid 19 pondr\u00eda al descubierto es la existencia soterrada de tantos millones de personas aquejadas de Psicosis paranoica? Probablemente no.<\/p><p>Todos conocemos una versi\u00f3n disminuida del aserto paranoico: la desconfianza sistem\u00e1tica, que como m\u00ednimo siempre duda sobre las verdaderas intenciones del otro.<\/p><p>La diferencia significativa entre desconfianza sistem\u00e1tica y la certeza paranoica es que la primera puede ser, aunque muy trabajosamente, relativizada por quien la padece.<\/p><p>Coincidimos aqu\u00ed con los estudiosos de las Ciencias Sociales y con algunos <a href=\"https:\/\/elpais.com\/eps\/2021-12-04\/jose-angel-gonzalez-sainz-en-espana-no-estamos-creando-ciudadanos-estamos-creando-antagonistas.html\" target=\"_blank\" rel=\"noopener\">escritores<\/a> que describen como un mal de nuestra \u00e9poca la <a href=\"https:\/\/news.un.org\/es\/story\/2020\/11\/1484242\" target=\"_blank\" rel=\"noopener\">desconfianza<\/a> anidada en la gente hacia los pol\u00edticos e incluso hacia el Estado. Esta desconfianza se ha nutrido no solamente de las inconsistencias de los pol\u00edticos que gobiernan sino fundamentalmente de la ca\u00edda de los ideales de progreso, protecci\u00f3n y honestidad de la que sobran ejemplos.<\/p><p>Ser\u00eda por tanto perfectamente posible que las teor\u00edas m\u00e1s extravagantes creadas por <a href=\"https:\/\/www.insm.es\/especialidad\/salud-mental-adultos\" target=\"_blank\" rel=\"noopener\">paranoicos<\/a> verdaderos fueran asumidas como posibles verdades por personas necesitadas de colocar en alguna parte la desconfianza social y pol\u00edtica que sienten.<\/p><p><strong><em>Equipo INSM<\/em><\/strong><\/p>\t\t\t\t\t\t<\/div>\n\t\t\t\t<\/div>\n\t\t\t\t\t<\/div>\n\t\t<\/div>\n\t\t\t\t\t\t\t<\/div>\n\t\t<\/section>\n\t\t\t\t\t\t<\/div>\n\t\t\t\t\t<\/div>\n\t\t","protected":false},"excerpt":{"rendered":"<p>De la Psicosis Paranoica a la Desconfianza sistem\u00e1tica.<br \/>\nLa idea esta presente en el imaginario colectivo sostenido por decenas de millones de personas en el mundo, agrupados en los distintos colectivos denominados \u201canti-vacunas\u201d.<\/p>\n","protected":false},"author":1,"featured_media":7498,"comment_status":"closed","ping_status":"open","sticky":true,"template":"","format":"standard","meta":{"footnotes":""},"categories":[52],"tags":[],"class_list":["post-7493","post","type-post","status-publish","format-standard","has-post-thumbnail","hentry","category-actualidad"],"yoast_head":"<!-- This site is optimized with the Yoast SEO Premium plugin v17.8 (Yoast SEO v17.8) - https:\/\/yoast.com\/wordpress\/plugins\/seo\/ -->\n<title>Desconfianza en las vacunas Covid-19<\/title>\n<meta name=\"description\" content=\"La idea esta presente en el imaginario colectivo sostenido por decenas de millones de personas en el mundo movidos a la desconfianza en las vacunas Covid-19\" \/>\n<meta name=\"robots\" content=\"index, follow, max-snippet:-1, max-image-preview:large, max-video-preview:-1\" \/>\n<link rel=\"canonical\" href=\"https:\/\/www.insm.es\/blognoticias\/las-vacunas-covid-19-no-si-son-vacunas\/\" \/>\n<meta property=\"og:locale\" content=\"es_ES\" \/>\n<meta property=\"og:type\" content=\"article\" \/>\n<meta property=\"og:title\" content=\"Las vacunas Covid-19 (no-si) son vacunas\" \/>\n<meta property=\"og:description\" content=\"La idea esta presente en el imaginario colectivo sostenido por decenas de millones de personas en el mundo movidos a la desconfianza en las vacunas Covid-19\" \/>\n<meta property=\"og:url\" content=\"https:\/\/www.insm.es\/blognoticias\/las-vacunas-covid-19-no-si-son-vacunas\/\" \/>\n<meta property=\"og:site_name\" content=\"INSM Blog\" \/>\n<meta property=\"article:published_time\" content=\"2021-12-10T08:41:17+00:00\" \/>\n<meta property=\"article:modified_time\" content=\"2022-01-16T07:54:01+00:00\" \/>\n<meta property=\"og:image\" content=\"https:\/\/www.insm.es\/blognoticias\/wp-content\/uploads\/2021\/12\/las-vacunas-covid-19.jpg\" \/>\n\t<meta property=\"og:image:width\" content=\"1300\" \/>\n\t<meta property=\"og:image:height\" content=\"832\" \/>\n<meta name=\"twitter:card\" content=\"summary_large_image\" \/>\n<meta name=\"twitter:label1\" content=\"Escrito por\" \/>\n\t<meta name=\"twitter:data1\" content=\"wordpress\" \/>\n\t<meta name=\"twitter:label2\" content=\"Tiempo de lectura\" \/>\n\t<meta name=\"twitter:data2\" content=\"3 minutos\" \/>\n<script type=\"application\/ld+json\" class=\"yoast-schema-graph\">{\"@context\":\"https:\/\/schema.org\",\"@graph\":[{\"@type\":\"Organization\",\"@id\":\"https:\/\/www.insm.es\/blognoticias\/#organization\",\"name\":\"Instituto de Neurociencias y Salud Mental\",\"url\":\"https:\/\/www.insm.es\/blognoticias\/\",\"sameAs\":[],\"logo\":{\"@type\":\"ImageObject\",\"@id\":\"https:\/\/www.insm.es\/blognoticias\/#logo\",\"inLanguage\":\"es\",\"url\":\"https:\/\/www.insm.es\/blognoticias\/wp-content\/uploads\/2021\/12\/logo-INSM.png\",\"contentUrl\":\"https:\/\/www.insm.es\/blognoticias\/wp-content\/uploads\/2021\/12\/logo-INSM.png\",\"width\":273,\"height\":95,\"caption\":\"Instituto de Neurociencias y Salud Mental\"},\"image\":{\"@id\":\"https:\/\/www.insm.es\/blognoticias\/#logo\"}},{\"@type\":\"WebSite\",\"@id\":\"https:\/\/www.insm.es\/blognoticias\/#website\",\"url\":\"https:\/\/www.insm.es\/blognoticias\/\",\"name\":\"INSM Blog\",\"description\":\"Not\\u00edcias sobre INSM\",\"publisher\":{\"@id\":\"https:\/\/www.insm.es\/blognoticias\/#organization\"},\"potentialAction\":[{\"@type\":\"SearchAction\",\"target\":{\"@type\":\"EntryPoint\",\"urlTemplate\":\"https:\/\/www.insm.es\/blognoticias\/?s={search_term_string}\"},\"query-input\":\"required name=search_term_string\"}],\"inLanguage\":\"es\"},{\"@type\":\"ImageObject\",\"@id\":\"https:\/\/www.insm.es\/blognoticias\/las-vacunas-covid-19-no-si-son-vacunas\/#primaryimage\",\"inLanguage\":\"es\",\"url\":\"https:\/\/www.insm.es\/blognoticias\/wp-content\/uploads\/2021\/12\/las-vacunas-covid-19.jpg\",\"contentUrl\":\"https:\/\/www.insm.es\/blognoticias\/wp-content\/uploads\/2021\/12\/las-vacunas-covid-19.jpg\",\"width\":1300,\"height\":832},{\"@type\":\"WebPage\",\"@id\":\"https:\/\/www.insm.es\/blognoticias\/las-vacunas-covid-19-no-si-son-vacunas\/#webpage\",\"url\":\"https:\/\/www.insm.es\/blognoticias\/las-vacunas-covid-19-no-si-son-vacunas\/\",\"name\":\"Desconfianza en las vacunas Covid-19\",\"isPartOf\":{\"@id\":\"https:\/\/www.insm.es\/blognoticias\/#website\"},\"primaryImageOfPage\":{\"@id\":\"https:\/\/www.insm.es\/blognoticias\/las-vacunas-covid-19-no-si-son-vacunas\/#primaryimage\"},\"datePublished\":\"2021-12-10T08:41:17+00:00\",\"dateModified\":\"2022-01-16T07:54:01+00:00\",\"description\":\"La idea esta presente en el imaginario colectivo sostenido por decenas de millones de personas en el mundo movidos a la desconfianza en las vacunas Covid-19\",\"breadcrumb\":{\"@id\":\"https:\/\/www.insm.es\/blognoticias\/las-vacunas-covid-19-no-si-son-vacunas\/#breadcrumb\"},\"inLanguage\":\"es\",\"potentialAction\":[{\"@type\":\"ReadAction\",\"target\":[\"https:\/\/www.insm.es\/blognoticias\/las-vacunas-covid-19-no-si-son-vacunas\/\"]}]},{\"@type\":\"BreadcrumbList\",\"@id\":\"https:\/\/www.insm.es\/blognoticias\/las-vacunas-covid-19-no-si-son-vacunas\/#breadcrumb\",\"itemListElement\":[{\"@type\":\"ListItem\",\"position\":1,\"name\":\"Portada\",\"item\":\"https:\/\/www.insm.es\/blognoticias\/\"},{\"@type\":\"ListItem\",\"position\":2,\"name\":\"Las vacunas Covid-19 (no-si) son vacunas\"}]},{\"@type\":\"Article\",\"@id\":\"https:\/\/www.insm.es\/blognoticias\/las-vacunas-covid-19-no-si-son-vacunas\/#article\",\"isPartOf\":{\"@id\":\"https:\/\/www.insm.es\/blognoticias\/las-vacunas-covid-19-no-si-son-vacunas\/#webpage\"},\"author\":{\"@id\":\"https:\/\/www.insm.es\/blognoticias\/#\/schema\/person\/b57a209056d1b9ca17f173929e8a1b38\"},\"headline\":\"Las vacunas Covid-19 (no-si) son vacunas\",\"datePublished\":\"2021-12-10T08:41:17+00:00\",\"dateModified\":\"2022-01-16T07:54:01+00:00\",\"mainEntityOfPage\":{\"@id\":\"https:\/\/www.insm.es\/blognoticias\/las-vacunas-covid-19-no-si-son-vacunas\/#webpage\"},\"wordCount\":670,\"publisher\":{\"@id\":\"https:\/\/www.insm.es\/blognoticias\/#organization\"},\"image\":{\"@id\":\"https:\/\/www.insm.es\/blognoticias\/las-vacunas-covid-19-no-si-son-vacunas\/#primaryimage\"},\"thumbnailUrl\":\"https:\/\/www.insm.es\/blognoticias\/wp-content\/uploads\/2021\/12\/las-vacunas-covid-19.jpg\",\"articleSection\":[\"Actualidad\"],\"inLanguage\":\"es\"},{\"@type\":\"Person\",\"@id\":\"https:\/\/www.insm.es\/blognoticias\/#\/schema\/person\/b57a209056d1b9ca17f173929e8a1b38\",\"name\":\"wordpress\",\"image\":{\"@type\":\"ImageObject\",\"@id\":\"https:\/\/www.insm.es\/blognoticias\/#personlogo\",\"inLanguage\":\"es\",\"url\":\"https:\/\/secure.gravatar.com\/avatar\/ff50424bb16df4e94f1e415928de25a10e41cbc9ea3c8befcca38c2bf62bda98?s=96&d=mm&r=g\",\"contentUrl\":\"https:\/\/secure.gravatar.com\/avatar\/ff50424bb16df4e94f1e415928de25a10e41cbc9ea3c8befcca38c2bf62bda98?s=96&d=mm&r=g\",\"caption\":\"wordpress\"},\"sameAs\":[\"https:\/\/www.insm.es\/blognoticias\/\"],\"url\":\"https:\/\/www.insm.es\/blognoticias\/author\/wordpress\/\"}]}<\/script>\n<!-- \/ Yoast SEO Premium plugin. -->","yoast_head_json":{"title":"Desconfianza en las vacunas Covid-19","description":"La idea esta presente en el imaginario colectivo sostenido por decenas de millones de personas en el mundo movidos a la desconfianza en las vacunas Covid-19","robots":{"index":"index","follow":"follow","max-snippet":"max-snippet:-1","max-image-preview":"max-image-preview:large","max-video-preview":"max-video-preview:-1"},"canonical":"https:\/\/www.insm.es\/blognoticias\/las-vacunas-covid-19-no-si-son-vacunas\/","og_locale":"es_ES","og_type":"article","og_title":"Las vacunas Covid-19 (no-si) son vacunas","og_description":"La idea esta presente en el imaginario colectivo sostenido por decenas de millones de personas en el mundo movidos a la desconfianza en las vacunas Covid-19","og_url":"https:\/\/www.insm.es\/blognoticias\/las-vacunas-covid-19-no-si-son-vacunas\/","og_site_name":"INSM Blog","article_published_time":"2021-12-10T08:41:17+00:00","article_modified_time":"2022-01-16T07:54:01+00:00","og_image":[{"width":1300,"height":832,"url":"https:\/\/www.insm.es\/blognoticias\/wp-content\/uploads\/2021\/12\/las-vacunas-covid-19.jpg","type":"image\/jpeg"}],"twitter_card":"summary_large_image","twitter_misc":{"Escrito por":"wordpress","Tiempo de lectura":"3 minutos"},"schema":{"@context":"https:\/\/schema.org","@graph":[{"@type":"Organization","@id":"https:\/\/www.insm.es\/blognoticias\/#organization","name":"Instituto de Neurociencias y Salud Mental","url":"https:\/\/www.insm.es\/blognoticias\/","sameAs":[],"logo":{"@type":"ImageObject","@id":"https:\/\/www.insm.es\/blognoticias\/#logo","inLanguage":"es","url":"https:\/\/www.insm.es\/blognoticias\/wp-content\/uploads\/2021\/12\/logo-INSM.png","contentUrl":"https:\/\/www.insm.es\/blognoticias\/wp-content\/uploads\/2021\/12\/logo-INSM.png","width":273,"height":95,"caption":"Instituto de Neurociencias y Salud Mental"},"image":{"@id":"https:\/\/www.insm.es\/blognoticias\/#logo"}},{"@type":"WebSite","@id":"https:\/\/www.insm.es\/blognoticias\/#website","url":"https:\/\/www.insm.es\/blognoticias\/","name":"INSM Blog","description":"Not\u00edcias sobre INSM","publisher":{"@id":"https:\/\/www.insm.es\/blognoticias\/#organization"},"potentialAction":[{"@type":"SearchAction","target":{"@type":"EntryPoint","urlTemplate":"https:\/\/www.insm.es\/blognoticias\/?s={search_term_string}"},"query-input":"required name=search_term_string"}],"inLanguage":"es"},{"@type":"ImageObject","@id":"https:\/\/www.insm.es\/blognoticias\/las-vacunas-covid-19-no-si-son-vacunas\/#primaryimage","inLanguage":"es","url":"https:\/\/www.insm.es\/blognoticias\/wp-content\/uploads\/2021\/12\/las-vacunas-covid-19.jpg","contentUrl":"https:\/\/www.insm.es\/blognoticias\/wp-content\/uploads\/2021\/12\/las-vacunas-covid-19.jpg","width":1300,"height":832},{"@type":"WebPage","@id":"https:\/\/www.insm.es\/blognoticias\/las-vacunas-covid-19-no-si-son-vacunas\/#webpage","url":"https:\/\/www.insm.es\/blognoticias\/las-vacunas-covid-19-no-si-son-vacunas\/","name":"Desconfianza en las vacunas Covid-19","isPartOf":{"@id":"https:\/\/www.insm.es\/blognoticias\/#website"},"primaryImageOfPage":{"@id":"https:\/\/www.insm.es\/blognoticias\/las-vacunas-covid-19-no-si-son-vacunas\/#primaryimage"},"datePublished":"2021-12-10T08:41:17+00:00","dateModified":"2022-01-16T07:54:01+00:00","description":"La idea esta presente en el imaginario colectivo sostenido por decenas de millones de personas en el mundo movidos a la desconfianza en las vacunas Covid-19","breadcrumb":{"@id":"https:\/\/www.insm.es\/blognoticias\/las-vacunas-covid-19-no-si-son-vacunas\/#breadcrumb"},"inLanguage":"es","potentialAction":[{"@type":"ReadAction","target":["https:\/\/www.insm.es\/blognoticias\/las-vacunas-covid-19-no-si-son-vacunas\/"]}]},{"@type":"BreadcrumbList","@id":"https:\/\/www.insm.es\/blognoticias\/las-vacunas-covid-19-no-si-son-vacunas\/#breadcrumb","itemListElement":[{"@type":"ListItem","position":1,"name":"Portada","item":"https:\/\/www.insm.es\/blognoticias\/"},{"@type":"ListItem","position":2,"name":"Las vacunas Covid-19 (no-si) son vacunas"}]},{"@type":"Article","@id":"https:\/\/www.insm.es\/blognoticias\/las-vacunas-covid-19-no-si-son-vacunas\/#article","isPartOf":{"@id":"https:\/\/www.insm.es\/blognoticias\/las-vacunas-covid-19-no-si-son-vacunas\/#webpage"},"author":{"@id":"https:\/\/www.insm.es\/blognoticias\/#\/schema\/person\/b57a209056d1b9ca17f173929e8a1b38"},"headline":"Las vacunas Covid-19 (no-si) son vacunas","datePublished":"2021-12-10T08:41:17+00:00","dateModified":"2022-01-16T07:54:01+00:00","mainEntityOfPage":{"@id":"https:\/\/www.insm.es\/blognoticias\/las-vacunas-covid-19-no-si-son-vacunas\/#webpage"},"wordCount":670,"publisher":{"@id":"https:\/\/www.insm.es\/blognoticias\/#organization"},"image":{"@id":"https:\/\/www.insm.es\/blognoticias\/las-vacunas-covid-19-no-si-son-vacunas\/#primaryimage"},"thumbnailUrl":"https:\/\/www.insm.es\/blognoticias\/wp-content\/uploads\/2021\/12\/las-vacunas-covid-19.jpg","articleSection":["Actualidad"],"inLanguage":"es"},{"@type":"Person","@id":"https:\/\/www.insm.es\/blognoticias\/#\/schema\/person\/b57a209056d1b9ca17f173929e8a1b38","name":"wordpress","image":{"@type":"ImageObject","@id":"https:\/\/www.insm.es\/blognoticias\/#personlogo","inLanguage":"es","url":"https:\/\/secure.gravatar.com\/avatar\/ff50424bb16df4e94f1e415928de25a10e41cbc9ea3c8befcca38c2bf62bda98?s=96&d=mm&r=g","contentUrl":"https:\/\/secure.gravatar.com\/avatar\/ff50424bb16df4e94f1e415928de25a10e41cbc9ea3c8befcca38c2bf62bda98?s=96&d=mm&r=g","caption":"wordpress"},"sameAs":["https:\/\/www.insm.es\/blognoticias\/"],"url":"https:\/\/www.insm.es\/blognoticias\/author\/wordpress\/"}]}},"_links":{"self":[{"href":"https:\/\/www.insm.es\/blognoticias\/wp-json\/wp\/v2\/posts\/7493","targetHints":{"allow":["GET"]}}],"collection":[{"href":"https:\/\/www.insm.es\/blognoticias\/wp-json\/wp\/v2\/posts"}],"about":[{"href":"https:\/\/www.insm.es\/blognoticias\/wp-json\/wp\/v2\/types\/post"}],"author":[{"embeddable":true,"href":"https:\/\/www.insm.es\/blognoticias\/wp-json\/wp\/v2\/users\/1"}],"replies":[{"embeddable":true,"href":"https:\/\/www.insm.es\/blognoticias\/wp-json\/wp\/v2\/comments?post=7493"}],"version-history":[{"count":46,"href":"https:\/\/www.insm.es\/blognoticias\/wp-json\/wp\/v2\/posts\/7493\/revisions"}],"predecessor-version":[{"id":8122,"href":"https:\/\/www.insm.es\/blognoticias\/wp-json\/wp\/v2\/posts\/7493\/revisions\/8122"}],"wp:featuredmedia":[{"embeddable":true,"href":"https:\/\/www.insm.es\/blognoticias\/wp-json\/wp\/v2\/media\/7498"}],"wp:attachment":[{"href":"https:\/\/www.insm.es\/blognoticias\/wp-json\/wp\/v2\/media?parent=7493"}],"wp:term":[{"taxonomy":"category","embeddable":true,"href":"https:\/\/www.insm.es\/blognoticias\/wp-json\/wp\/v2\/categories?post=7493"},{"taxonomy":"post_tag","embeddable":true,"href":"https:\/\/www.insm.es\/blognoticias\/wp-json\/wp\/v2\/tags?post=7493"}],"curies":[{"name":"wp","href":"https:\/\/api.w.org\/{rel}","templated":true}]}}