{"id":7457,"date":"2021-12-01T16:55:24","date_gmt":"2021-12-01T16:55:24","guid":{"rendered":"https:\/\/www.insm.es\/blognoticias\/?p=7457"},"modified":"2021-12-20T18:59:55","modified_gmt":"2021-12-20T18:59:55","slug":"neurolinguistica-neuropsicologia-aportaciones-al-estudio-de-las-demencias-neuropsicolinguistica","status":"publish","type":"post","link":"https:\/\/www.insm.es\/blognoticias\/neurolinguistica-neuropsicologia-aportaciones-al-estudio-de-las-demencias-neuropsicolinguistica\/","title":{"rendered":"Neurolinguistica: aportaciones al estudio de las Demencias"},"content":{"rendered":"\t\t<div data-elementor-type=\"wp-post\" data-elementor-id=\"7457\" class=\"elementor elementor-7457\" data-elementor-settings=\"[]\">\n\t\t\t\t\t\t\t<div class=\"elementor-section-wrap\">\n\t\t\t\t\t\t\t<section class=\"elementor-section elementor-top-section elementor-element elementor-element-578d62a5 elementor-section-boxed elementor-section-height-default elementor-section-height-default qodef-elementor-content-no\" data-id=\"578d62a5\" data-element_type=\"section\">\n\t\t\t\t\t\t<div class=\"elementor-container elementor-column-gap-default\">\n\t\t\t\t\t<div class=\"elementor-column elementor-col-100 elementor-top-column elementor-element elementor-element-1fd0abef\" data-id=\"1fd0abef\" data-element_type=\"column\">\n\t\t\t<div class=\"elementor-widget-wrap elementor-element-populated\">\n\t\t\t\t\t\t\t\t<div class=\"elementor-element elementor-element-14a1b8c0 elementor-widget elementor-widget-text-editor\" data-id=\"14a1b8c0\" data-element_type=\"widget\" data-widget_type=\"text-editor.default\">\n\t\t\t\t<div class=\"elementor-widget-container\">\n\t\t\t\t\t\t\t<p><!-- wp:paragraph --><\/p>\n<p><!-- \/wp:paragraph --><\/p>\n<p><!-- wp:paragraph --><\/p>\n<article id=\"id93\" class=\"iDevice_wrapper FreeTextIdevice\">\n<div class=\"iDevice emphasis0\">\n<div id=\"ta93_1\" class=\"block iDevice_content\">\n<p>\u00a0<\/p>\n<p>Neuropsicologia de las demencias Neuropsicoling\u00fc\u00edstica.<br \/>El tema que nos ocupa est\u00e1 enmarcado en el campo de la Neuropsicolog\u00eda Cl\u00ednica y en especial de la Neuropsicoling\u00fc\u00edstica.<\/p>\n<p>La Neuropsicolog\u00eda, en una marcada y progresiva interacci\u00f3n\u00a0 con la cl\u00ednica Neurol\u00f3gica, tiene un papel muy importante en las investigaciones cl\u00ednicas, el diagn\u00f3stico y los ensayos terap\u00e9uticos, en las enfermedades del Sistema Nervioso, cuando las alteraciones de la cognici\u00f3n, de la conducta y el lenguaje son relevantes. En la actualidad es cada vez mayor el n\u00famero de pacientes con s\u00edndromes demenciales y en especial con las llamadas Demencias de Tipo Alzheimer (DTA).<\/p>\n<p>La enfermedad se caracteriza por perturbaciones mn\u00e9sicas de inicio y fallas en funciones superiores selectivas. En su curso evolutivo presenta un s\u00edndrome afaso-apracto-agn\u00f3sico asociado a fallas de razonamiento y juicio, trastornos de personalidad y comportamiento. La desorganizaci\u00f3n ling\u00fc\u00edstica y comunicativa que se registra en la progresi\u00f3n de la enfermedad nos enfrenta a nuevas alternativas en la cl\u00ednica de la patolog\u00eda del lenguaje, tradicionalmente centrada en los estudios sobre la Afasia.<\/p>\n<p style=\"text-align: center;\"><strong>Neuropsicologia de las demencias <\/strong><\/p>\n<p style=\"text-align: center;\"><strong>Neuropsicoling\u00fc\u00edstica<\/strong><\/p>\n<p><img loading=\"lazy\" decoding=\"async\" style=\"float: left; margin: 10px 30px 10px 30px;\" title=\"Imagen 02\" src=\"https:\/\/www.iaeu.net\/cursos\/lenguajecomunicacionalzheimerPS\/Foto-01.png\" alt=\"Imagen 02\" width=\"300\" height=\"145\" \/><\/p>\n<p>Se abre as\u00ed un nuevo cap\u00edtulo en la investigaci\u00f3n cl\u00ednica sobre la Neuropsicolog\u00eda de las demencias y, en el \u00e1rea que nos ocupa, la Neuroling\u00fc\u00edstica, que enfrenta un gran desaf\u00edo al intentar analizar e interpretar las modalidades y caracter\u00edsticas evolutivas del desempe\u00f1o ling\u00fc\u00edstico de estos pacientes.<\/p>\n<p>Es evidente que comprender y producir el lenguaje supone un conjunto organizado de operaciones que est\u00e1n lejos de ser espec\u00edficamente ling\u00fc\u00edsticas. Dichas operaciones configuran el Sistema Cognitivo humano donde el lenguaje, la memoria, la atenci\u00f3n, el pensamiento, la senso-percepci\u00f3n, y otras habilidades cumplen una actividad compleja y permanente que permite a un sujeto interactuar con su medio. Desde esta perspectiva, la interpretaci\u00f3n de las manifestaciones patol\u00f3gicas marca un cambio en la investigaci\u00f3n en los estudios sobre el lenguaje en las DTA.<\/p>\n<p>Su estudio asume un doble inter\u00e9s; tanto como aporte a la Neuroling\u00fc\u00edstica aplicada como por su aporte espec\u00edfico al campo de las Demencias. La perspectiva de configurar un perfil ling\u00fc\u00edstico caracter\u00edstico de alteraciones en las DTA tiene alcances cl\u00ednicos en la etapa diagn\u00f3stica de la enfermedad y constituye un par\u00e1metro v\u00e1lido en el seguimiento evolutivo con gran implicancia en el <a href=\"https:\/\/www.insm.es\/especialidad\/geriatria-memoria\" target=\"_blank\" rel=\"noopener\">abordaje terap\u00e9utico<\/a> no farmacol\u00f3gico de estos pacientes. Se ha comprobado que intervenciones eficaces en los primeros estadios de la enfermedad logran lentificar la declinaci\u00f3n progresiva ling\u00fc\u00edstica y cognitiva.<\/p>\n<p>Equipo <strong>INSM<\/strong><\/p>\n<div class=\"name\">\n<div class=\"text_to_html\">Este Post es una breve rese\u00f1a de <strong><a href=\"https:\/\/ps.iaeu.net\/course\/view2.php?id=139\" target=\"_blank\" rel=\"noopener\">Lenguaje y Comunicaci\u00f3n en la Enfermedad de Alzheimer<\/a><strong><br \/><\/strong><\/strong>De <strong><em>Edith Labos<\/em>, <\/strong><strong>Universidad de Buenos Aires, <\/strong>Laboratorio de Investigaci\u00f3n de Funciones Cognitivas<\/div>\n<\/div>\n<\/div>\n<\/div>\n<\/article>\n<p><!-- \/wp:paragraph --><\/p>\t\t\t\t\t\t<\/div>\n\t\t\t\t<\/div>\n\t\t\t\t\t<\/div>\n\t\t<\/div>\n\t\t\t\t\t\t\t<\/div>\n\t\t<\/section>\n\t\t\t\t\t\t<\/div>\n\t\t\t\t\t<\/div>\n\t\t","protected":false},"excerpt":{"rendered":"<p>La Neuropsicolog\u00eda, en una marcada y progresiva interacci\u00f3n  con la cl\u00ednica Neurol\u00f3gica, tiene un papel muy importante en las investigaciones cl\u00ednicas, el diagn\u00f3stico y los ensayos terap\u00e9uticos<\/p>\n","protected":false},"author":1,"featured_media":7486,"comment_status":"closed","ping_status":"open","sticky":false,"template":"","format":"standard","meta":{"footnotes":""},"categories":[50],"tags":[],"class_list":["post-7457","post","type-post","status-publish","format-standard","has-post-thumbnail","hentry","category-neurociencias"],"yoast_head":"<!-- This site is optimized with the Yoast SEO Premium plugin v17.8 (Yoast SEO v17.8) - https:\/\/yoast.com\/wordpress\/plugins\/seo\/ -->\n<title>Neurolinguistica: aportaciones al estudio de las Demencias Neuropsicologia de las demencias Neuropsicoling\u00fc\u00edstica<\/title>\n<meta name=\"description\" content=\"neuropsicologia clinica - demencias - cl\u00ednica Neurol\u00f3gica - neurolingustica Aportaciones de la Neuropsicoling\u00fc\u00edstica\" \/>\n<meta name=\"robots\" content=\"index, follow, max-snippet:-1, max-image-preview:large, max-video-preview:-1\" \/>\n<link rel=\"canonical\" href=\"https:\/\/www.insm.es\/blognoticias\/neurolinguistica-neuropsicologia-aportaciones-al-estudio-de-las-demencias\/\" \/>\n<meta property=\"og:locale\" content=\"es_ES\" \/>\n<meta property=\"og:type\" content=\"article\" \/>\n<meta property=\"og:title\" content=\"Neurolinguistica: aportaciones al estudio de las Demencias\" \/>\n<meta property=\"og:description\" content=\"neuropsicologia clinica - demencias - cl\u00ednica Neurol\u00f3gica - neurolingustica Aportaciones de la Neuropsicoling\u00fc\u00edstica\" \/>\n<meta property=\"og:url\" content=\"https:\/\/www.insm.es\/blognoticias\/neurolinguistica-neuropsicologia-aportaciones-al-estudio-de-las-demencias\/\" \/>\n<meta property=\"og:site_name\" content=\"INSM Blog\" \/>\n<meta property=\"article:published_time\" content=\"2021-12-01T16:55:24+00:00\" \/>\n<meta property=\"article:modified_time\" content=\"2021-12-20T18:59:55+00:00\" \/>\n<meta property=\"og:image\" content=\"https:\/\/www.insm.es\/blognoticias\/wp-content\/uploads\/2021\/12\/lenguajeycomunicacionenlaenfermedaddealzheimer2.jpg\" \/>\n\t<meta property=\"og:image:width\" content=\"1300\" \/>\n\t<meta property=\"og:image:height\" content=\"832\" \/>\n<meta name=\"twitter:card\" content=\"summary_large_image\" \/>\n<meta name=\"twitter:label1\" content=\"Escrito por\" \/>\n\t<meta name=\"twitter:data1\" content=\"wordpress\" \/>\n\t<meta name=\"twitter:label2\" content=\"Tiempo de lectura\" \/>\n\t<meta name=\"twitter:data2\" content=\"3 minutos\" \/>\n<script type=\"application\/ld+json\" class=\"yoast-schema-graph\">{\"@context\":\"https:\/\/schema.org\",\"@graph\":[{\"@type\":\"Organization\",\"@id\":\"https:\/\/www.insm.es\/blognoticias\/#organization\",\"name\":\"Instituto de Neurociencias y Salud Mental\",\"url\":\"https:\/\/www.insm.es\/blognoticias\/\",\"sameAs\":[],\"logo\":{\"@type\":\"ImageObject\",\"@id\":\"https:\/\/www.insm.es\/blognoticias\/#logo\",\"inLanguage\":\"es\",\"url\":\"https:\/\/www.insm.es\/blognoticias\/wp-content\/uploads\/2021\/12\/logo-INSM.png\",\"contentUrl\":\"https:\/\/www.insm.es\/blognoticias\/wp-content\/uploads\/2021\/12\/logo-INSM.png\",\"width\":273,\"height\":95,\"caption\":\"Instituto de Neurociencias y Salud Mental\"},\"image\":{\"@id\":\"https:\/\/www.insm.es\/blognoticias\/#logo\"}},{\"@type\":\"WebSite\",\"@id\":\"https:\/\/www.insm.es\/blognoticias\/#website\",\"url\":\"https:\/\/www.insm.es\/blognoticias\/\",\"name\":\"INSM Blog\",\"description\":\"Not\\u00edcias sobre INSM\",\"publisher\":{\"@id\":\"https:\/\/www.insm.es\/blognoticias\/#organization\"},\"potentialAction\":[{\"@type\":\"SearchAction\",\"target\":{\"@type\":\"EntryPoint\",\"urlTemplate\":\"https:\/\/www.insm.es\/blognoticias\/?s={search_term_string}\"},\"query-input\":\"required name=search_term_string\"}],\"inLanguage\":\"es\"},{\"@type\":\"ImageObject\",\"@id\":\"https:\/\/www.insm.es\/blognoticias\/neurolinguistica-neuropsicologia-aportaciones-al-estudio-de-las-demencias\/#primaryimage\",\"inLanguage\":\"es\",\"url\":\"https:\/\/www.insm.es\/blognoticias\/wp-content\/uploads\/2021\/12\/lenguajeycomunicacionenlaenfermedaddealzheimer2.jpg\",\"contentUrl\":\"https:\/\/www.insm.es\/blognoticias\/wp-content\/uploads\/2021\/12\/lenguajeycomunicacionenlaenfermedaddealzheimer2.jpg\",\"width\":1300,\"height\":832},{\"@type\":[\"WebPage\",\"ItemPage\"],\"@id\":\"https:\/\/www.insm.es\/blognoticias\/neurolinguistica-neuropsicologia-aportaciones-al-estudio-de-las-demencias\/#webpage\",\"url\":\"https:\/\/www.insm.es\/blognoticias\/neurolinguistica-neuropsicologia-aportaciones-al-estudio-de-las-demencias\/\",\"name\":\"Neurolinguistica: aportaciones al estudio de las Demencias Neuropsicologia de las demencias Neuropsicoling\\u00fc\\u00edstica\",\"isPartOf\":{\"@id\":\"https:\/\/www.insm.es\/blognoticias\/#website\"},\"primaryImageOfPage\":{\"@id\":\"https:\/\/www.insm.es\/blognoticias\/neurolinguistica-neuropsicologia-aportaciones-al-estudio-de-las-demencias\/#primaryimage\"},\"datePublished\":\"2021-12-01T16:55:24+00:00\",\"dateModified\":\"2021-12-20T18:59:55+00:00\",\"description\":\"neuropsicologia clinica - demencias - cl\\u00ednica Neurol\\u00f3gica - neurolingustica Aportaciones de la Neuropsicoling\\u00fc\\u00edstica\",\"breadcrumb\":{\"@id\":\"https:\/\/www.insm.es\/blognoticias\/neurolinguistica-neuropsicologia-aportaciones-al-estudio-de-las-demencias\/#breadcrumb\"},\"inLanguage\":\"es\",\"potentialAction\":[{\"@type\":\"ReadAction\",\"target\":[\"https:\/\/www.insm.es\/blognoticias\/neurolinguistica-neuropsicologia-aportaciones-al-estudio-de-las-demencias\/\"]}]},{\"@type\":\"BreadcrumbList\",\"@id\":\"https:\/\/www.insm.es\/blognoticias\/neurolinguistica-neuropsicologia-aportaciones-al-estudio-de-las-demencias\/#breadcrumb\",\"itemListElement\":[{\"@type\":\"ListItem\",\"position\":1,\"name\":\"Portada\",\"item\":\"https:\/\/www.insm.es\/blognoticias\/\"},{\"@type\":\"ListItem\",\"position\":2,\"name\":\"Neurolinguistica: aportaciones al estudio de las Demencias\"}]},{\"@type\":\"Article\",\"@id\":\"https:\/\/www.insm.es\/blognoticias\/neurolinguistica-neuropsicologia-aportaciones-al-estudio-de-las-demencias\/#article\",\"isPartOf\":{\"@id\":\"https:\/\/www.insm.es\/blognoticias\/neurolinguistica-neuropsicologia-aportaciones-al-estudio-de-las-demencias\/#webpage\"},\"author\":{\"@id\":\"https:\/\/www.insm.es\/blognoticias\/#\/schema\/person\/b57a209056d1b9ca17f173929e8a1b38\"},\"headline\":\"Neurolinguistica: aportaciones al estudio de las Demencias\",\"datePublished\":\"2021-12-01T16:55:24+00:00\",\"dateModified\":\"2021-12-20T18:59:55+00:00\",\"mainEntityOfPage\":{\"@id\":\"https:\/\/www.insm.es\/blognoticias\/neurolinguistica-neuropsicologia-aportaciones-al-estudio-de-las-demencias\/#webpage\"},\"wordCount\":479,\"publisher\":{\"@id\":\"https:\/\/www.insm.es\/blognoticias\/#organization\"},\"image\":{\"@id\":\"https:\/\/www.insm.es\/blognoticias\/neurolinguistica-neuropsicologia-aportaciones-al-estudio-de-las-demencias\/#primaryimage\"},\"thumbnailUrl\":\"https:\/\/www.insm.es\/blognoticias\/wp-content\/uploads\/2021\/12\/lenguajeycomunicacionenlaenfermedaddealzheimer2.jpg\",\"articleSection\":[\"Neurociencias\"],\"inLanguage\":\"es\"},{\"@type\":\"Person\",\"@id\":\"https:\/\/www.insm.es\/blognoticias\/#\/schema\/person\/b57a209056d1b9ca17f173929e8a1b38\",\"name\":\"wordpress\",\"image\":{\"@type\":\"ImageObject\",\"@id\":\"https:\/\/www.insm.es\/blognoticias\/#personlogo\",\"inLanguage\":\"es\",\"url\":\"https:\/\/secure.gravatar.com\/avatar\/ff50424bb16df4e94f1e415928de25a10e41cbc9ea3c8befcca38c2bf62bda98?s=96&d=mm&r=g\",\"contentUrl\":\"https:\/\/secure.gravatar.com\/avatar\/ff50424bb16df4e94f1e415928de25a10e41cbc9ea3c8befcca38c2bf62bda98?s=96&d=mm&r=g\",\"caption\":\"wordpress\"},\"sameAs\":[\"https:\/\/www.insm.es\/blognoticias\/\"],\"url\":\"https:\/\/www.insm.es\/blognoticias\/author\/wordpress\/\"}]}<\/script>\n<!-- \/ Yoast SEO Premium plugin. -->","yoast_head_json":{"title":"Neurolinguistica: aportaciones al estudio de las Demencias Neuropsicologia de las demencias Neuropsicoling\u00fc\u00edstica","description":"neuropsicologia clinica - demencias - cl\u00ednica Neurol\u00f3gica - neurolingustica Aportaciones de la Neuropsicoling\u00fc\u00edstica","robots":{"index":"index","follow":"follow","max-snippet":"max-snippet:-1","max-image-preview":"max-image-preview:large","max-video-preview":"max-video-preview:-1"},"canonical":"https:\/\/www.insm.es\/blognoticias\/neurolinguistica-neuropsicologia-aportaciones-al-estudio-de-las-demencias\/","og_locale":"es_ES","og_type":"article","og_title":"Neurolinguistica: aportaciones al estudio de las Demencias","og_description":"neuropsicologia clinica - demencias - cl\u00ednica Neurol\u00f3gica - neurolingustica Aportaciones de la Neuropsicoling\u00fc\u00edstica","og_url":"https:\/\/www.insm.es\/blognoticias\/neurolinguistica-neuropsicologia-aportaciones-al-estudio-de-las-demencias\/","og_site_name":"INSM Blog","article_published_time":"2021-12-01T16:55:24+00:00","article_modified_time":"2021-12-20T18:59:55+00:00","og_image":[{"width":1300,"height":832,"url":"https:\/\/www.insm.es\/blognoticias\/wp-content\/uploads\/2021\/12\/lenguajeycomunicacionenlaenfermedaddealzheimer2.jpg","type":"image\/jpeg"}],"twitter_card":"summary_large_image","twitter_misc":{"Escrito por":"wordpress","Tiempo de lectura":"3 minutos"},"schema":{"@context":"https:\/\/schema.org","@graph":[{"@type":"Organization","@id":"https:\/\/www.insm.es\/blognoticias\/#organization","name":"Instituto de Neurociencias y Salud Mental","url":"https:\/\/www.insm.es\/blognoticias\/","sameAs":[],"logo":{"@type":"ImageObject","@id":"https:\/\/www.insm.es\/blognoticias\/#logo","inLanguage":"es","url":"https:\/\/www.insm.es\/blognoticias\/wp-content\/uploads\/2021\/12\/logo-INSM.png","contentUrl":"https:\/\/www.insm.es\/blognoticias\/wp-content\/uploads\/2021\/12\/logo-INSM.png","width":273,"height":95,"caption":"Instituto de Neurociencias y Salud Mental"},"image":{"@id":"https:\/\/www.insm.es\/blognoticias\/#logo"}},{"@type":"WebSite","@id":"https:\/\/www.insm.es\/blognoticias\/#website","url":"https:\/\/www.insm.es\/blognoticias\/","name":"INSM Blog","description":"Not\u00edcias sobre INSM","publisher":{"@id":"https:\/\/www.insm.es\/blognoticias\/#organization"},"potentialAction":[{"@type":"SearchAction","target":{"@type":"EntryPoint","urlTemplate":"https:\/\/www.insm.es\/blognoticias\/?s={search_term_string}"},"query-input":"required name=search_term_string"}],"inLanguage":"es"},{"@type":"ImageObject","@id":"https:\/\/www.insm.es\/blognoticias\/neurolinguistica-neuropsicologia-aportaciones-al-estudio-de-las-demencias\/#primaryimage","inLanguage":"es","url":"https:\/\/www.insm.es\/blognoticias\/wp-content\/uploads\/2021\/12\/lenguajeycomunicacionenlaenfermedaddealzheimer2.jpg","contentUrl":"https:\/\/www.insm.es\/blognoticias\/wp-content\/uploads\/2021\/12\/lenguajeycomunicacionenlaenfermedaddealzheimer2.jpg","width":1300,"height":832},{"@type":["WebPage","ItemPage"],"@id":"https:\/\/www.insm.es\/blognoticias\/neurolinguistica-neuropsicologia-aportaciones-al-estudio-de-las-demencias\/#webpage","url":"https:\/\/www.insm.es\/blognoticias\/neurolinguistica-neuropsicologia-aportaciones-al-estudio-de-las-demencias\/","name":"Neurolinguistica: aportaciones al estudio de las Demencias Neuropsicologia de las demencias Neuropsicoling\u00fc\u00edstica","isPartOf":{"@id":"https:\/\/www.insm.es\/blognoticias\/#website"},"primaryImageOfPage":{"@id":"https:\/\/www.insm.es\/blognoticias\/neurolinguistica-neuropsicologia-aportaciones-al-estudio-de-las-demencias\/#primaryimage"},"datePublished":"2021-12-01T16:55:24+00:00","dateModified":"2021-12-20T18:59:55+00:00","description":"neuropsicologia clinica - demencias - cl\u00ednica Neurol\u00f3gica - neurolingustica Aportaciones de la Neuropsicoling\u00fc\u00edstica","breadcrumb":{"@id":"https:\/\/www.insm.es\/blognoticias\/neurolinguistica-neuropsicologia-aportaciones-al-estudio-de-las-demencias\/#breadcrumb"},"inLanguage":"es","potentialAction":[{"@type":"ReadAction","target":["https:\/\/www.insm.es\/blognoticias\/neurolinguistica-neuropsicologia-aportaciones-al-estudio-de-las-demencias\/"]}]},{"@type":"BreadcrumbList","@id":"https:\/\/www.insm.es\/blognoticias\/neurolinguistica-neuropsicologia-aportaciones-al-estudio-de-las-demencias\/#breadcrumb","itemListElement":[{"@type":"ListItem","position":1,"name":"Portada","item":"https:\/\/www.insm.es\/blognoticias\/"},{"@type":"ListItem","position":2,"name":"Neurolinguistica: aportaciones al estudio de las Demencias"}]},{"@type":"Article","@id":"https:\/\/www.insm.es\/blognoticias\/neurolinguistica-neuropsicologia-aportaciones-al-estudio-de-las-demencias\/#article","isPartOf":{"@id":"https:\/\/www.insm.es\/blognoticias\/neurolinguistica-neuropsicologia-aportaciones-al-estudio-de-las-demencias\/#webpage"},"author":{"@id":"https:\/\/www.insm.es\/blognoticias\/#\/schema\/person\/b57a209056d1b9ca17f173929e8a1b38"},"headline":"Neurolinguistica: aportaciones al estudio de las Demencias","datePublished":"2021-12-01T16:55:24+00:00","dateModified":"2021-12-20T18:59:55+00:00","mainEntityOfPage":{"@id":"https:\/\/www.insm.es\/blognoticias\/neurolinguistica-neuropsicologia-aportaciones-al-estudio-de-las-demencias\/#webpage"},"wordCount":479,"publisher":{"@id":"https:\/\/www.insm.es\/blognoticias\/#organization"},"image":{"@id":"https:\/\/www.insm.es\/blognoticias\/neurolinguistica-neuropsicologia-aportaciones-al-estudio-de-las-demencias\/#primaryimage"},"thumbnailUrl":"https:\/\/www.insm.es\/blognoticias\/wp-content\/uploads\/2021\/12\/lenguajeycomunicacionenlaenfermedaddealzheimer2.jpg","articleSection":["Neurociencias"],"inLanguage":"es"},{"@type":"Person","@id":"https:\/\/www.insm.es\/blognoticias\/#\/schema\/person\/b57a209056d1b9ca17f173929e8a1b38","name":"wordpress","image":{"@type":"ImageObject","@id":"https:\/\/www.insm.es\/blognoticias\/#personlogo","inLanguage":"es","url":"https:\/\/secure.gravatar.com\/avatar\/ff50424bb16df4e94f1e415928de25a10e41cbc9ea3c8befcca38c2bf62bda98?s=96&d=mm&r=g","contentUrl":"https:\/\/secure.gravatar.com\/avatar\/ff50424bb16df4e94f1e415928de25a10e41cbc9ea3c8befcca38c2bf62bda98?s=96&d=mm&r=g","caption":"wordpress"},"sameAs":["https:\/\/www.insm.es\/blognoticias\/"],"url":"https:\/\/www.insm.es\/blognoticias\/author\/wordpress\/"}]}},"_links":{"self":[{"href":"https:\/\/www.insm.es\/blognoticias\/wp-json\/wp\/v2\/posts\/7457","targetHints":{"allow":["GET"]}}],"collection":[{"href":"https:\/\/www.insm.es\/blognoticias\/wp-json\/wp\/v2\/posts"}],"about":[{"href":"https:\/\/www.insm.es\/blognoticias\/wp-json\/wp\/v2\/types\/post"}],"author":[{"embeddable":true,"href":"https:\/\/www.insm.es\/blognoticias\/wp-json\/wp\/v2\/users\/1"}],"replies":[{"embeddable":true,"href":"https:\/\/www.insm.es\/blognoticias\/wp-json\/wp\/v2\/comments?post=7457"}],"version-history":[{"count":54,"href":"https:\/\/www.insm.es\/blognoticias\/wp-json\/wp\/v2\/posts\/7457\/revisions"}],"predecessor-version":[{"id":7956,"href":"https:\/\/www.insm.es\/blognoticias\/wp-json\/wp\/v2\/posts\/7457\/revisions\/7956"}],"wp:featuredmedia":[{"embeddable":true,"href":"https:\/\/www.insm.es\/blognoticias\/wp-json\/wp\/v2\/media\/7486"}],"wp:attachment":[{"href":"https:\/\/www.insm.es\/blognoticias\/wp-json\/wp\/v2\/media?parent=7457"}],"wp:term":[{"taxonomy":"category","embeddable":true,"href":"https:\/\/www.insm.es\/blognoticias\/wp-json\/wp\/v2\/categories?post=7457"},{"taxonomy":"post_tag","embeddable":true,"href":"https:\/\/www.insm.es\/blognoticias\/wp-json\/wp\/v2\/tags?post=7457"}],"curies":[{"name":"wp","href":"https:\/\/api.w.org\/{rel}","templated":true}]}}